{"id":3413,"date":"2012-09-24T21:34:20","date_gmt":"2012-09-24T19:34:20","guid":{"rendered":"http:\/\/www.anonymekoeche.net\/?p=3413"},"modified":"2012-09-26T22:29:01","modified_gmt":"2012-09-26T20:29:01","slug":"hallo-herbst","status":"publish","type":"post","link":"https:\/\/www.anonymekoeche.net\/?p=3413","title":{"rendered":"Hallo Herbst!"},"content":{"rendered":"<p><a href=\"https:\/\/www.anonymekoeche.net\/wp-content\/uploads\/Steinpilze_s-ts1.jpg\"><img loading=\"lazy\" decoding=\"async\" class=\"alignnone size-full wp-image-3432\" title=\"\" src=\"https:\/\/www.anonymekoeche.net\/wp-content\/uploads\/Steinpilze_s-ts1.jpg\" alt=\"\" width=\"600\" height=\"406\" srcset=\"https:\/\/www.anonymekoeche.net\/wp-content\/uploads\/Steinpilze_s-ts1.jpg 600w, https:\/\/www.anonymekoeche.net\/wp-content\/uploads\/Steinpilze_s-ts1-300x203.jpg 300w\" sizes=\"auto, (max-width: 600px) 100vw, 600px\" \/><\/a><\/p>\n<p>Wozu jammern \u00fcber den Verlust des Sommers? Mit dem Herbst kommt doch f\u00fcr uns Kulinariker die Erntezeit, der wir das Summum abgewinnen k\u00f6nnen.<\/p>\n<p>Mit gr\u00f6sster Vorfreude habe ich mich darum an das Aushecken und Zubereiten eines reichen Menus gemacht.<\/p>\n<p><a href=\"https:\/\/www.anonymekoeche.net\/wp-content\/uploads\/Herbstteller_s-ts.jpg\"><img loading=\"lazy\" decoding=\"async\" class=\"alignnone size-full wp-image-3416\" title=\"\" src=\"https:\/\/www.anonymekoeche.net\/wp-content\/uploads\/Herbstteller_s-ts.jpg\" alt=\"\" width=\"600\" height=\"400\" srcset=\"https:\/\/www.anonymekoeche.net\/wp-content\/uploads\/Herbstteller_s-ts.jpg 600w, https:\/\/www.anonymekoeche.net\/wp-content\/uploads\/Herbstteller_s-ts-300x200.jpg 300w\" sizes=\"auto, (max-width: 600px) 100vw, 600px\" \/><\/a><\/p>\n<p>Auf dem Herbstteller gab es als Einstieg wunderbar pfeffrige Hirschsalami von <a href=\"http:\/\/www.tichy.cc\" target=\"_blank\">Tichy<\/a>\u00a0und Wildschweinschinken. Darunter versteckt sich ein halber Steinpilz. Mal eben kurz mit Schalotten in Butter geschwenkt.<\/p>\n<p>Dazu die ersten glasierten Marroni. Ged\u00e4mpft, gesch\u00e4lt und dann langsam mit Karamellzucker, Butter und Fleur de Sel \u00fcberschmelzt.<\/p>\n<p>Die perfekt gereiften italienischen Feigen habe ich im Ofen mit Staubzucker und Weisswein gebacken. Und schliesslich ein Apfel-Chutney aus den eigenen Sauergrauech-\u00c4pfeln dazu gereicht.<\/p>\n<p>Den Sirup mit Schalotten, Senfk\u00f6rnern, Ingwer, Rohrzucker und Zimt eindicken lassen \u2013 ohne Apfelst\u00fccke drin, damit sie nicht zerfallen. W\u00fcrfelchen davon lieber alleine in einer Pfanne kurz und heftig anbraten und dann unter den fertigen Sirup heben. Passt \u00fcbrigens auch sehr gut zu K\u00e4se.<\/p>\n<p><a href=\"https:\/\/www.anonymekoeche.net\/wp-content\/uploads\/Boxler-Riesling.jpg\"><img loading=\"lazy\" decoding=\"async\" class=\"alignnone size-full wp-image-3417\" title=\"\" src=\"https:\/\/www.anonymekoeche.net\/wp-content\/uploads\/Boxler-Riesling.jpg\" alt=\"\" width=\"600\" height=\"450\" srcset=\"https:\/\/www.anonymekoeche.net\/wp-content\/uploads\/Boxler-Riesling.jpg 600w, https:\/\/www.anonymekoeche.net\/wp-content\/uploads\/Boxler-Riesling-300x225.jpg 300w\" sizes=\"auto, (max-width: 600px) 100vw, 600px\" \/><\/a><\/p>\n<p>Dazu Riesling von Boxler. Mal mineralischer, mal harmonischer. Beide eine Wucht.<\/p>\n<p><a href=\"https:\/\/www.anonymekoeche.net\/wp-content\/uploads\/K\u00fcrbissuppe_s.jpg\"><img loading=\"lazy\" decoding=\"async\" class=\"alignnone size-full wp-image-3418\" title=\"\" src=\"https:\/\/www.anonymekoeche.net\/wp-content\/uploads\/K\u00fcrbissuppe_s.jpg\" alt=\"\" width=\"600\" height=\"400\" srcset=\"https:\/\/www.anonymekoeche.net\/wp-content\/uploads\/K\u00fcrbissuppe_s.jpg 600w, https:\/\/www.anonymekoeche.net\/wp-content\/uploads\/K\u00fcrbissuppe_s-300x200.jpg 300w\" sizes=\"auto, (max-width: 600px) 100vw, 600px\" \/><\/a><\/p>\n<p>Den Butternut-K\u00fcrbis gab es als S\u00fcppchen mit Safran und selbst gemachtem Gem\u00fcsefond. Veilchen als Farbtupfer und s\u00fcss-saure Crevette als Abschiedsgruss an den Sommer.<\/p>\n<p><a href=\"https:\/\/www.anonymekoeche.net\/wp-content\/uploads\/Almenkerk-Chardonnay.jpg\"><img loading=\"lazy\" decoding=\"async\" class=\"alignnone size-full wp-image-3419\" title=\"\" src=\"https:\/\/www.anonymekoeche.net\/wp-content\/uploads\/Almenkerk-Chardonnay.jpg\" alt=\"\" width=\"600\" height=\"450\" srcset=\"https:\/\/www.anonymekoeche.net\/wp-content\/uploads\/Almenkerk-Chardonnay.jpg 600w, https:\/\/www.anonymekoeche.net\/wp-content\/uploads\/Almenkerk-Chardonnay-300x225.jpg 300w\" sizes=\"auto, (max-width: 600px) 100vw, 600px\" \/><\/a><\/p>\n<p>Exotischer aber sehr gesitteter Begleiter dazu ein Chardonnay aus S\u00fcdafrika.<\/p>\n<p><a href=\"https:\/\/www.anonymekoeche.net\/wp-content\/uploads\/Rehr\u00fccken_s.jpg\"><img loading=\"lazy\" decoding=\"async\" class=\"alignnone size-full wp-image-3420\" title=\"\" src=\"https:\/\/www.anonymekoeche.net\/wp-content\/uploads\/Rehr\u00fccken_s.jpg\" alt=\"\" width=\"600\" height=\"392\" srcset=\"https:\/\/www.anonymekoeche.net\/wp-content\/uploads\/Rehr\u00fccken_s.jpg 600w, https:\/\/www.anonymekoeche.net\/wp-content\/uploads\/Rehr\u00fccken_s-300x196.jpg 300w\" sizes=\"auto, (max-width: 600px) 100vw, 600px\" \/><\/a><\/p>\n<p>Das Herzst\u00fcck im Tr\u00fcffelrisotto ist ein rosa gebratenes Medaillon vom Rehr\u00fccken. Die Sauce dazu gezogen aus den ausgel\u00f6sten Knochen, Mirepoix, Rotwein, Port und aromatisiert mit Nelken, Wacholder, Zimt und Thymian.<\/p>\n<p><a href=\"https:\/\/www.anonymekoeche.net\/wp-content\/uploads\/C\u00f4te-du-Rhones-Les-Aphillantes.jpg\"><img loading=\"lazy\" decoding=\"async\" class=\"alignnone size-full wp-image-3421\" title=\"\" src=\"https:\/\/www.anonymekoeche.net\/wp-content\/uploads\/C\u00f4te-du-Rhones-Les-Aphillantes.jpg\" alt=\"\" width=\"600\" height=\"450\" srcset=\"https:\/\/www.anonymekoeche.net\/wp-content\/uploads\/C\u00f4te-du-Rhones-Les-Aphillantes.jpg 600w, https:\/\/www.anonymekoeche.net\/wp-content\/uploads\/C\u00f4te-du-Rhones-Les-Aphillantes-300x225.jpg 300w\" sizes=\"auto, (max-width: 600px) 100vw, 600px\" \/><\/a><\/p>\n<p>Dieser C\u00f4tes-du-Rh\u00f4ne ein respektvoller Begleiter, dem auch ein Steinpilzrisotto geschmeckt h\u00e4tte.<\/p>\n<p><a href=\"https:\/\/www.anonymekoeche.net\/wp-content\/uploads\/Lammtopf_s.jpg\"><img loading=\"lazy\" decoding=\"async\" class=\"alignnone size-full wp-image-3422\" title=\"\" src=\"https:\/\/www.anonymekoeche.net\/wp-content\/uploads\/Lammtopf_s.jpg\" alt=\"\" width=\"600\" height=\"392\" srcset=\"https:\/\/www.anonymekoeche.net\/wp-content\/uploads\/Lammtopf_s.jpg 600w, https:\/\/www.anonymekoeche.net\/wp-content\/uploads\/Lammtopf_s-300x196.jpg 300w\" sizes=\"auto, (max-width: 600px) 100vw, 600px\" \/><\/a><\/p>\n<p>Zum dritten Mal hab ich nun das Sieben-Stunden-Lamm nach Anthony Bourdain aufgetischt. Ich habe meine <a href=\"https:\/\/www.anonymekoeche.net\/?p=936\" target=\"_blank\">Hausaufgaben<\/a> gemacht. Um 6 Uhr morgens aufgestanden, nur eine Tasse Weisswein als Fl\u00fcssigkeit verwendet und minuzi\u00f6s den Creuset mit Brotteig zugespachtelt.<\/p>\n<p><a href=\"https:\/\/www.anonymekoeche.net\/wp-content\/uploads\/Lammgigot_s.jpg\"><img loading=\"lazy\" decoding=\"async\" class=\"alignnone size-full wp-image-3423\" title=\"\" src=\"https:\/\/www.anonymekoeche.net\/wp-content\/uploads\/Lammgigot_s.jpg\" alt=\"\" width=\"600\" height=\"400\" srcset=\"https:\/\/www.anonymekoeche.net\/wp-content\/uploads\/Lammgigot_s.jpg 600w, https:\/\/www.anonymekoeche.net\/wp-content\/uploads\/Lammgigot_s-300x200.jpg 300w\" sizes=\"auto, (max-width: 600px) 100vw, 600px\" \/><\/a><\/p>\n<p>Das Resultat kann sich sehen und vor allem schmecken lassen. Den eingedickten Bratenjus habe ich vor dem Servieren nochmals kurz mit Weisswein deglaciert. Die 20 Knoblauchzehen die man herausfischen konnte, waren herrlich karamellisiert und zart wie Pralinen.<\/p>\n<p><a href=\"https:\/\/www.anonymekoeche.net\/wp-content\/uploads\/Blaue-Kartoffeln_s.jpg\"><img loading=\"lazy\" decoding=\"async\" title=\"\" src=\"https:\/\/www.anonymekoeche.net\/wp-content\/uploads\/Blaue-Kartoffeln_s.jpg\" alt=\"\" width=\"600\" height=\"400\" \/><\/a><\/p>\n<p>Als Beilage gab es blaue St. Galler-Kartoffeln, die als P\u00fcree leider etwas von ihrem intensiven Violett einb\u00fcssen.<\/p>\n<p><a href=\"https:\/\/www.anonymekoeche.net\/wp-content\/uploads\/Domaine-de-la-Charbonniere.jpg\"><img loading=\"lazy\" decoding=\"async\" class=\"alignnone size-full wp-image-3424\" title=\"\" src=\"https:\/\/www.anonymekoeche.net\/wp-content\/uploads\/Domaine-de-la-Charbonniere.jpg\" alt=\"\" width=\"600\" height=\"450\" srcset=\"https:\/\/www.anonymekoeche.net\/wp-content\/uploads\/Domaine-de-la-Charbonniere.jpg 600w, https:\/\/www.anonymekoeche.net\/wp-content\/uploads\/Domaine-de-la-Charbonniere-300x225.jpg 300w\" sizes=\"auto, (max-width: 600px) 100vw, 600px\" \/><\/a><\/p>\n<p>Daf\u00fcr hat dieser Papst unseren Durst nach intensiven Purpur bestens gestillt.<\/p>\n<p><a href=\"https:\/\/www.anonymekoeche.net\/wp-content\/uploads\/7-Stunden-Lamm_s.jpg\"><img loading=\"lazy\" decoding=\"async\" class=\"alignnone size-full wp-image-3425\" title=\"\" src=\"https:\/\/www.anonymekoeche.net\/wp-content\/uploads\/7-Stunden-Lamm_s.jpg\" alt=\"\" width=\"600\" height=\"405\" srcset=\"https:\/\/www.anonymekoeche.net\/wp-content\/uploads\/7-Stunden-Lamm_s.jpg 600w, https:\/\/www.anonymekoeche.net\/wp-content\/uploads\/7-Stunden-Lamm_s-300x203.jpg 300w\" sizes=\"auto, (max-width: 600px) 100vw, 600px\" \/><\/a><\/p>\n<p>Karamelliger geht fast nicht. Das ist selbst f\u00fcr <a href=\"https:\/\/www.anonymekoeche.net\/?p=2659\" target=\"_blank\">Kalbsb\u00e4ckchen<\/a>\u00a0harte Konkurrenz.<\/p>\n<p><a href=\"https:\/\/www.anonymekoeche.net\/wp-content\/uploads\/Vieille-Julienne.jpg\"><img loading=\"lazy\" decoding=\"async\" class=\"alignnone size-full wp-image-3426\" title=\"\" src=\"https:\/\/www.anonymekoeche.net\/wp-content\/uploads\/Vieille-Julienne.jpg\" alt=\"\" width=\"600\" height=\"450\" srcset=\"https:\/\/www.anonymekoeche.net\/wp-content\/uploads\/Vieille-Julienne.jpg 600w, https:\/\/www.anonymekoeche.net\/wp-content\/uploads\/Vieille-Julienne-300x225.jpg 300w\" sizes=\"auto, (max-width: 600px) 100vw, 600px\" \/><\/a><\/p>\n<p>Die Vieille Julienne konnte bestens Paroli bieten. Komisch, ich h\u00e4tte schw\u00f6ren k\u00f6nnen, dass wir dazwischen noch eine Bottiglia di Barolo getrunken haben. Aber die Flasche ist entweder verschwunden oder in meinem sanften Rausch abgetaucht.<\/p>\n<p><a href=\"https:\/\/www.anonymekoeche.net\/wp-content\/uploads\/K\u00e4se_s.jpg\"><img loading=\"lazy\" decoding=\"async\" class=\"alignnone size-full wp-image-3427\" title=\"\" src=\"https:\/\/www.anonymekoeche.net\/wp-content\/uploads\/K\u00e4se_s.jpg\" alt=\"\" width=\"600\" height=\"400\" srcset=\"https:\/\/www.anonymekoeche.net\/wp-content\/uploads\/K\u00e4se_s.jpg 600w, https:\/\/www.anonymekoeche.net\/wp-content\/uploads\/K\u00e4se_s-300x200.jpg 300w\" sizes=\"auto, (max-width: 600px) 100vw, 600px\" \/><\/a><\/p>\n<p>Der K\u00e4seh\u00e4ndler vom Basler Markt streckte mir ein St\u00fcck entgegen und warnte: &#8222;Sind Sie sicher, dass sie diesen Gorgonzola piccante versuchen m\u00f6chten? Der macht s\u00fcchtig!&#8220; Das muss der erste ehrliche Dealer sein, den ich getroffen habe.<\/p>\n<p><a href=\"https:\/\/www.anonymekoeche.net\/wp-content\/uploads\/Jacques-Torte-Choco_s.jpg\"><img loading=\"lazy\" decoding=\"async\" class=\"alignnone size-full wp-image-3428\" title=\"\" src=\"https:\/\/www.anonymekoeche.net\/wp-content\/uploads\/Jacques-Torte-Choco_s.jpg\" alt=\"\" width=\"600\" height=\"400\" srcset=\"https:\/\/www.anonymekoeche.net\/wp-content\/uploads\/Jacques-Torte-Choco_s.jpg 600w, https:\/\/www.anonymekoeche.net\/wp-content\/uploads\/Jacques-Torte-Choco_s-300x200.jpg 300w\" sizes=\"auto, (max-width: 600px) 100vw, 600px\" \/><\/a><\/p>\n<p>Zum Dessert zwei Mal Tods\u00fcnden von <a href=\"http:\/\/www.patisserie-jacques.com\" target=\"_blank\">Ma\u00eetre\u00a0P\u00e2tissier\u00a0Jacques<\/a>, Mulhouse: Chocolat und Caramel au Fleur de Sel. Mein Gast, der am n\u00e4chsten Tag nach Kalifornien geflogen ist, meinte treffend: &#8222;Wenn mein Flieger morgen abst\u00fcrzt, hat es sich wenigstens gelohnt!&#8220;<\/p>\n<p><a href=\"https:\/\/www.anonymekoeche.net\/wp-content\/uploads\/Jacques-Torte-Caramel_s.jpg\"><img loading=\"lazy\" decoding=\"async\" class=\"alignnone size-full wp-image-3429\" title=\"\" src=\"https:\/\/www.anonymekoeche.net\/wp-content\/uploads\/Jacques-Torte-Caramel_s.jpg\" alt=\"\" width=\"600\" height=\"400\" srcset=\"https:\/\/www.anonymekoeche.net\/wp-content\/uploads\/Jacques-Torte-Caramel_s.jpg 600w, https:\/\/www.anonymekoeche.net\/wp-content\/uploads\/Jacques-Torte-Caramel_s-300x200.jpg 300w\" sizes=\"auto, (max-width: 600px) 100vw, 600px\" \/><\/a><\/p>\n<p>Ach ja, Dessertwein war auch noch und lange, lange Gespr\u00e4che und ein noch l\u00e4ngerer Nachhall auf einen sch\u00f6nen Herbstauftakt.<\/p>\n<!-- AddThis Advanced Settings generic via filter on the_content --><!-- AddThis Share Buttons generic via filter on the_content -->","protected":false},"excerpt":{"rendered":"<p>Wozu jammern \u00fcber den Verlust des Sommers? Mit dem Herbst kommt doch f\u00fcr uns Kulinariker die Erntezeit, der wir das Summum abgewinnen k\u00f6nnen. Mit gr\u00f6sster Vorfreude habe ich mich darum an das Aushecken und Zubereiten eines reichen Menus gemacht. Auf dem Herbstteller gab es als Einstieg wunderbar pfeffrige Hirschsalami von Tichy\u00a0und Wildschweinschinken. Darunter versteckt sich [&hellip;]<!-- AddThis Advanced Settings generic via filter on wp_trim_excerpt --><!-- AddThis Share Buttons generic via filter on wp_trim_excerpt --><\/p>\n","protected":false},"author":3,"featured_media":0,"comment_status":"open","ping_status":"open","sticky":false,"template":"","format":"standard","meta":{"footnotes":""},"categories":[1,2],"tags":[203,204,198,205,199,14,197,200,201,202,44,206,65],"class_list":["post-3413","post","type-post","status-publish","format-standard","hentry","category-allgemein","category-gekocht","tag-blaue-st-galler","tag-chutney","tag-feigen","tag-gorgonzola","tag-hirschsalami","tag-lamm","tag-marroni","tag-rehrucken","tag-risotto","tag-sieben-stunden-lamm","tag-steinpilze","tag-tichy","tag-truffel"],"_links":{"self":[{"href":"https:\/\/www.anonymekoeche.net\/index.php?rest_route=\/wp\/v2\/posts\/3413","targetHints":{"allow":["GET"]}}],"collection":[{"href":"https:\/\/www.anonymekoeche.net\/index.php?rest_route=\/wp\/v2\/posts"}],"about":[{"href":"https:\/\/www.anonymekoeche.net\/index.php?rest_route=\/wp\/v2\/types\/post"}],"author":[{"embeddable":true,"href":"https:\/\/www.anonymekoeche.net\/index.php?rest_route=\/wp\/v2\/users\/3"}],"replies":[{"embeddable":true,"href":"https:\/\/www.anonymekoeche.net\/index.php?rest_route=%2Fwp%2Fv2%2Fcomments&post=3413"}],"version-history":[{"count":25,"href":"https:\/\/www.anonymekoeche.net\/index.php?rest_route=\/wp\/v2\/posts\/3413\/revisions"}],"predecessor-version":[{"id":3453,"href":"https:\/\/www.anonymekoeche.net\/index.php?rest_route=\/wp\/v2\/posts\/3413\/revisions\/3453"}],"wp:attachment":[{"href":"https:\/\/www.anonymekoeche.net\/index.php?rest_route=%2Fwp%2Fv2%2Fmedia&parent=3413"}],"wp:term":[{"taxonomy":"category","embeddable":true,"href":"https:\/\/www.anonymekoeche.net\/index.php?rest_route=%2Fwp%2Fv2%2Fcategories&post=3413"},{"taxonomy":"post_tag","embeddable":true,"href":"https:\/\/www.anonymekoeche.net\/index.php?rest_route=%2Fwp%2Fv2%2Ftags&post=3413"}],"curies":[{"name":"wp","href":"https:\/\/api.w.org\/{rel}","templated":true}]}}