{"id":355,"date":"2008-01-25T02:50:45","date_gmt":"2008-01-25T00:50:45","guid":{"rendered":"http:\/\/www.anonymekoeche.net\/?p=355"},"modified":"2008-01-25T03:10:10","modified_gmt":"2008-01-25T01:10:10","slug":"reine-geschmacksfragen","status":"publish","type":"post","link":"https:\/\/www.anonymekoeche.net\/?p=355","title":{"rendered":"Reine Geschmacksfragen"},"content":{"rendered":"<p><img src='https:\/\/www.anonymekoeche.net\/wp-content\/uploads\/illus.jpg' alt='Illustration' \/><\/p>\n<p>Ich w\u00fcrde nicht behaupten, der Geschmack von Co-Autor Patrick sei \u00fcber jeden Zweifel erhaben, aber ohne jeden Zweifel ist er ein Mann des guten Geschmacks. Wie viele k\u00f6nnen das schon von sich behaupten?<\/p>\n<p>Nun ist er ins <a href=\"http:\/\/www.petermangold.de\/schwabenlexikon.asp\">Schwabenl\u00e4ndle<\/a> gezogen. Des isch a glois bissle draurig. Ich freu mich aber f\u00fcr ihn. Noch mehr Freude kommt auf, wenn er dann jeweils <a href=\"https:\/\/www.anonymekoeche.net\/?p=273\">Koteletts<\/a> aus der Macelleria Italiana Caprano in Stuttgart mitbringt.<\/p>\n<p>Beim Ausmisten seiner Wohnung hat er etwas Kurioses gefunden. Sp\u00e4ter hat er mir die Pappschachtel, garniert mit einer seiner stilvollen Illus (links), und den Worten: \u00abIch weiss nicht, ob es etwas ist\u00bb \u00fcberlassen. Im Innern fand sich eine weitere, f\u00fcr meine Begriffe geschmacklose, Illustration (rechts) auf dem Packpapier. Nat\u00fcrlich nicht von Patrick. <\/p>\n<p>Darunter enth\u00fcllte sich das Werk \u00abLe Nez du Vin\u00bb, das <a href=\"http:\/\/www.coop.ch\/\">Coop Schweiz<\/a> 1989 als besonders edles Geschenk unter Kunden und Lieferanten brachte. <\/p>\n<p><img src='https:\/\/www.anonymekoeche.net\/wp-content\/uploads\/cover.jpg' alt='le nez du vin' \/><\/p>\n<p>Garniert war das Pr\u00e4sent ausserdem mit weiteren Abdrucken der mediokren Illustration auf Papier und einer weissen Leinenserviette (f\u00fcr was auch immer, Einstecktuch? Flaschenmanschette? Telefonkommodendeckchen?).<\/p>\n<p><img src='https:\/\/www.anonymekoeche.net\/wp-content\/uploads\/einlage.jpg' alt='coop' \/><\/p>\n<p>\u00abOh!\u00bb, dachte ich spontan, \u00abendlich kann ich in der hohen Schule der Weinkunde schnuppern und fortan hochn\u00e4sige Sommeliers oder unkundiges Weingeplapper mit burgunderschwerem Fachwissen ertr\u00e4nken!\u00bb <\/p>\n<p>Oder besser noch, wie Sean Connery, in Diamantenfieber, zwei \u00fcble Schurken entlarven: \u00abDer Wein, Sir! \u2039Mouton Rothschild\u203a, 55er.\u00bb \u00abD\u00fcrfen wir beginnen?\u00bb \u00abIch bitte darum.\u00bb \u00abEin vorz\u00fcglicher Tropfen!\u00bb \u00abDas werd ich erst probieren &#8230; riecht ziemlich kr\u00e4ftig &#8230; nicht der Korken &#8230; ihr After Shave! Zu s\u00fcss und zu schwul! Mmh, aber der Wein ist exzellent. Obgleich ich f\u00fcr so ein opulentes Mal eigentlich einen \u2039Claret\u203a erwartet h\u00e4tte.\u00bb \u201eFreilich &#8230; bedauerlicherweise verf\u00fcgte unser Keller nicht mehr \u00fcber einen \u2039Claret\u203a&#8230;!\u00bb \u00ab\u2039Mouton Rothschild\u203a ist ein \u2039Claret\u203a, Verehrtester! Ihr After Shave habe ich schon mal irgendwo gerochen und beide Male sah ich eine Ratte!\u00bb <\/p>\n<p>Leider ist das mit dem Schnuppern im <a href=\"http:\/\/www.nezduvin.com\/\">Nez du Vin<\/a> w\u00f6rtlich gemeint: Es ist sogar das Geheimkonzept, das diese Buchattrappe in sich birgt \u2013 so etwas konnte ich ja nicht riechen!<\/p>\n<p><img src='https:\/\/www.anonymekoeche.net\/wp-content\/uploads\/innen.jpg' alt='Flacon' \/><\/p>\n<p>Leider auch, dass die Geruchsessenzen schon \u00fcber den Jordan sind. Was nicht heisst, dass sie sich einfach verfl\u00fcchtigt haben, sondern, im Gegenteil, einem ganz gemein beissende Ausd\u00fcnstungen in die Nasenh\u00f6hle jagen.<\/p>\n<p>Eine kurze <a href=\"http:\/\/www.google.ch\/search?hl=de&#038;q=le+nez+du+vin&#038;btnG=Google-Suche&#038;meta=\">Internet-Recherche<\/a> ergibt, dass die einzig lobenden Worte f\u00fcr diese Flakonbatterie ausschliesslich auf (nicht wenigen!) Seiten zu finden sind, die diesen Geruchskasten zum Verkauf anbieten. <\/p>\n<p>Ich frage mich daher (aber nicht ernsthaft), ob dieses Ding eine ernst zu nehmende Hilfe ist. (<a href=\"http:\/\/www.genussblogs.net\/kategorie\/wein\/\">Weinblogger<\/a>, ihr seid gefragt!)<\/p>\n<p>Vermutlich ist es wie vieles andere auch, reine <a href=\"http:\/\/www.reinegeschmacksache.de\/trailer.html\">Geschmacksache<\/a>, so wie viele weitere unbeantwortete Geschmacksfragen:<\/p>\n<p>War es das Antibiotikum <a href=\"http:\/\/www.kompendium.ch\/Monographie.aspx?Id=7da74c89-6861-4f45-9eb6-a5f20786b186&#038;lang=de&#038;MonType=fi\">Ciproxin<\/a>, das mir f\u00fcr \u00fcber ein Jahr komplett den Geruchs- und Geschmacksinn raubte, oder waren es doch Viren, die meine Geschmacksnerven abt\u00f6teten?<\/p>\n<p>Ist der gr\u00f6sste Feind des guten Geschmacks wirklich <a href=\"http:\/\/blogs.indiewire.com\/jamesisrael\/archives\/paris-hilton-nude03.jpg\">zuviel Geld<\/a>? <\/p>\n<p>Warum sind die verbittertsten Geschmacksverteidiger <a href=\"http:\/\/www.haraldgloeoeckler.de\/home.html \">Menschen<\/a> mit abgrundtief schlechtem Geschmack?<\/p>\n<p>Schmeckt <a href=\"http:\/\/news.bbc.co.uk\/2\/hi\/uk_news\/england\/london\/4894952.stm \">teurer<\/a> wirklich <a href=\"http:\/\/richtigteuer.de\/tag\/hamburg\/\">besser<\/a>? <\/p>\n<p>Ist guter Geschmack eine Frage der <a href=\"http:\/\/de.nntp2http.com\/rec\/mampf\/2003\/09\/2120ab69e8dcb2854767e8921849c30c.html \">Herkunft<\/a>? der <a href=\"http:\/\/www.myvideo.de\/watch\/1387248 \">Kultur<\/a>? der <a href=\"http:\/\/youtube.com\/watch?v=p60YwKZCWa8&#038;feature=related\n\">Erziehung<\/a>? <\/p>\n<p>Lohnt es sich wirklich nicht, \u00fcber Geschmack zu disputieren? Und falls nein, wer soll nachgeben?<\/p>\n<p><img src='https:\/\/www.anonymekoeche.net\/wp-content\/uploads\/warnkleber.jpg' alt='Warnung' \/><\/p>\n<!-- AddThis Advanced Settings generic via filter on the_content --><!-- AddThis Share Buttons generic via filter on the_content -->","protected":false},"excerpt":{"rendered":"<p>Ich w\u00fcrde nicht behaupten, der Geschmack von Co-Autor Patrick sei \u00fcber jeden Zweifel erhaben, aber ohne jeden Zweifel ist er ein Mann des guten Geschmacks. Wie viele k\u00f6nnen das schon von sich behaupten? Nun ist er ins Schwabenl\u00e4ndle gezogen. Des isch a glois bissle draurig. Ich freu mich aber f\u00fcr ihn. Noch mehr Freude kommt [&hellip;]<!-- AddThis Advanced Settings generic via filter on wp_trim_excerpt --><!-- AddThis Share Buttons generic via filter on wp_trim_excerpt --><\/p>\n","protected":false},"author":3,"featured_media":0,"comment_status":"open","ping_status":"open","sticky":false,"template":"","format":"standard","meta":{"footnotes":""},"categories":[1,4],"tags":[],"class_list":["post-355","post","type-post","status-publish","format-standard","hentry","category-allgemein","category-gesehen"],"_links":{"self":[{"href":"https:\/\/www.anonymekoeche.net\/index.php?rest_route=\/wp\/v2\/posts\/355","targetHints":{"allow":["GET"]}}],"collection":[{"href":"https:\/\/www.anonymekoeche.net\/index.php?rest_route=\/wp\/v2\/posts"}],"about":[{"href":"https:\/\/www.anonymekoeche.net\/index.php?rest_route=\/wp\/v2\/types\/post"}],"author":[{"embeddable":true,"href":"https:\/\/www.anonymekoeche.net\/index.php?rest_route=\/wp\/v2\/users\/3"}],"replies":[{"embeddable":true,"href":"https:\/\/www.anonymekoeche.net\/index.php?rest_route=%2Fwp%2Fv2%2Fcomments&post=355"}],"version-history":[{"count":0,"href":"https:\/\/www.anonymekoeche.net\/index.php?rest_route=\/wp\/v2\/posts\/355\/revisions"}],"wp:attachment":[{"href":"https:\/\/www.anonymekoeche.net\/index.php?rest_route=%2Fwp%2Fv2%2Fmedia&parent=355"}],"wp:term":[{"taxonomy":"category","embeddable":true,"href":"https:\/\/www.anonymekoeche.net\/index.php?rest_route=%2Fwp%2Fv2%2Fcategories&post=355"},{"taxonomy":"post_tag","embeddable":true,"href":"https:\/\/www.anonymekoeche.net\/index.php?rest_route=%2Fwp%2Fv2%2Ftags&post=355"}],"curies":[{"name":"wp","href":"https:\/\/api.w.org\/{rel}","templated":true}]}}