{"id":7466,"date":"2017-01-18T23:36:41","date_gmt":"2017-01-18T22:36:41","guid":{"rendered":"http:\/\/www.anonymekoeche.net\/?p=7466"},"modified":"2017-01-19T10:46:32","modified_gmt":"2017-01-19T09:46:32","slug":"lange-lebe-die-trueffel-dynastie","status":"publish","type":"post","link":"https:\/\/www.anonymekoeche.net\/?p=7466","title":{"rendered":"Lang lebe die Trueffel-Dynastie!"},"content":{"rendered":"<p><a href=\"https:\/\/www.anonymekoeche.net\/?attachment_id=7471\" rel=\"attachment wp-att-7471\"><img loading=\"lazy\" decoding=\"async\" class=\"alignnone size-full wp-image-7471\" src=\"https:\/\/www.anonymekoeche.net\/wp-content\/uploads\/schloss-bottmingen.jpg\" alt=\"Schloss Bottmingen\" width=\"600\" height=\"850\" srcset=\"https:\/\/www.anonymekoeche.net\/wp-content\/uploads\/schloss-bottmingen.jpg 600w, https:\/\/www.anonymekoeche.net\/wp-content\/uploads\/schloss-bottmingen-212x300.jpg 212w\" sizes=\"auto, (max-width: 600px) 100vw, 600px\" \/><\/a><\/p>\n<p>Sonntagabend, halb sieben. F\u00fcr viele\u00a0Fixtermin\u00a0f\u00fcr die w\u00f6chentliche Depro-Dosis fait maison. Das Wochenende ist wieder\u00a0mal viel zu schnell aufgebraucht.\u00a0Und was sie\u00a0sich\u00a0dann antun, ist grauslich:\u00a0Tatort schauen! Na, bravo. Als ob holprige Dialoge, holzige Akteure\u00a0und haarstr\u00e4ubende Plots\u00a0Abhilfe leisten k\u00f6nnten. Selber schuld.<\/p>\n<p>W\u00e4ren besser mal der Spur ins <a href=\"http:\/\/www.weiherschloss.ch\" target=\"_blank\">Restaurant Schloss Bottmingen<\/a>\u00a0gefolgt.<\/p>\n<p>Wer den richtigen Riecher\u00a0hatte, wurde\u00a0an diesem kulinarischen Tatort Zeuge der Machenschaft\u00a0sieben furchtloser Spitzenk\u00f6che. Sie waren die Hauptdarsteller der \u00abSoir\u00e9e Truffes et Vins\u00bb, die bereits\u00a0zum dritten Mal unter dem Protektorat\u00a0von Andy Zaugg mit\u00a0seinen Freunden und Schloss-K\u00fcchenchef, Gilles Brunin, stattfand.<\/p>\n<p>So sehen spannende\u00a0Sonntagabende aus!<br \/>\nUnd ich Gl\u00fccklicher war als Partner in Crime vom Schloss eingeladen.<\/p>\n<p>Die\u00a0Brigade der Spitzenk\u00f6che steht gut vorbereitet und noch besser gelaunt zum Empfang der G\u00e4ste bereit.<\/p>\n<p><a href=\"https:\/\/www.anonymekoeche.net\/?attachment_id=7468\" rel=\"attachment wp-att-7468\"><img loading=\"lazy\" decoding=\"async\" class=\"alignnone size-full wp-image-7468\" src=\"https:\/\/www.anonymekoeche.net\/wp-content\/uploads\/Brigade_s.jpg\" alt=\"\" width=\"600\" height=\"420\" srcset=\"https:\/\/www.anonymekoeche.net\/wp-content\/uploads\/Brigade_s.jpg 600w, https:\/\/www.anonymekoeche.net\/wp-content\/uploads\/Brigade_s-300x210.jpg 300w\" sizes=\"auto, (max-width: 600px) 100vw, 600px\" \/><\/a><\/p>\n<p>Von links: Stefan Bader (der den Alten Stephan anfangs 2018 vom abtretenden Wirt Andy Zaugg \u00fcbernehmen wird), Thomas Haselwanter (Restaurant Unterwirt, S\u00fcdtirol), Alain Schmidlin (P\u00e2tissier, Schloss Bottmingen), Gilles Brunin (abtretender K\u00fcchenchef, Schloss Bottmingen, neu \u00fcbernimmt Guy Wallyn das Ruder),\u00a0Andy Zaugg (Zum Alten Stephan, Solothurn), Arno Sgier (Traube, Trimbach), Werner Sch\u00fcrch (Emmenhof, Burgdorf).<\/p>\n<p><a href=\"https:\/\/www.anonymekoeche.net\/?attachment_id=7479\" rel=\"attachment wp-att-7479\"><img loading=\"lazy\" decoding=\"async\" class=\"alignnone size-full wp-image-7479\" src=\"https:\/\/www.anonymekoeche.net\/wp-content\/uploads\/Collage-Amuse.jpg\" alt=\"\" width=\"600\" height=\"625\" srcset=\"https:\/\/www.anonymekoeche.net\/wp-content\/uploads\/Collage-Amuse.jpg 600w, https:\/\/www.anonymekoeche.net\/wp-content\/uploads\/Collage-Amuse-288x300.jpg 288w\" sizes=\"auto, (max-width: 600px) 100vw, 600px\" \/><\/a><\/p>\n<p>Zum Steh-Ap\u00e9ro gibt es die ersten Amuse Bouches mit weissen und schwarzen Tr\u00fcffeln: Thunfisch-Tataki mit fein geraspeltem schwarzen Tr\u00fcffel, Jakobsmuschel mit einem rahmigen Tr\u00fcffelschaum und geraspeltem weissen Tr\u00fcffel, Kalbsmilken mit Tr\u00fcffel in knusprigem\u00a0Bl\u00e4tterteig, cremiger Kartoffelschaum mit Tr\u00fcffelscheiben, eine tiefgr\u00fcndige Sellerie-Essenz mit einem Tr\u00fcffelraviolo und schwarzem Tr\u00fcffel in Scheiben.<\/p>\n<p>Dazu trinken wir Champagner von Nicolas Feuillatte und\u00a0einen Roero Arneis, Vinga Tabaria L. Abrate 2015.<\/p>\n<p><a href=\"https:\/\/www.anonymekoeche.net\/?attachment_id=7467\" rel=\"attachment wp-att-7467\"><img loading=\"lazy\" decoding=\"async\" class=\"alignnone size-full wp-image-7467\" src=\"https:\/\/www.anonymekoeche.net\/wp-content\/uploads\/Anrichten_s.jpg\" alt=\"\" width=\"600\" height=\"650\" srcset=\"https:\/\/www.anonymekoeche.net\/wp-content\/uploads\/Anrichten_s.jpg 600w, https:\/\/www.anonymekoeche.net\/wp-content\/uploads\/Anrichten_s-277x300.jpg 277w\" sizes=\"auto, (max-width: 600px) 100vw, 600px\" \/><\/a><\/p>\n<p>Grossartige B\u00fchne: Die K\u00f6che hatten sich als Kolonne im Rittersaal aufgebaut. Die G\u00e4ste konnten\u00a0jeweils zusehen, wie die Teller im Teamwork angerichtet wurden. Arno Sgier von der <a href=\"http:\/\/traubetrimbach.ch\" target=\"_blank\">Traube Trimbach<\/a>\u00a0schickte den ersten Gang. G\u00e4nseleber mit schwarzen P\u00e9rigord-Tr\u00fcffeln. Begleitet von einem\u00a0Forteto della Luja 2008,\u00a0Loazzola.<\/p>\n<p><a href=\"https:\/\/www.anonymekoeche.net\/?attachment_id=7480\" rel=\"attachment wp-att-7480\"><img loading=\"lazy\" decoding=\"async\" class=\"alignnone size-full wp-image-7480\" src=\"https:\/\/www.anonymekoeche.net\/wp-content\/uploads\/Foie-Gras.jpg\" alt=\"\" width=\"600\" height=\"400\" srcset=\"https:\/\/www.anonymekoeche.net\/wp-content\/uploads\/Foie-Gras.jpg 600w, https:\/\/www.anonymekoeche.net\/wp-content\/uploads\/Foie-Gras-300x200.jpg 300w\" sizes=\"auto, (max-width: 600px) 100vw, 600px\" \/><\/a><\/p>\n<p>F\u00fcr mich der beste Gang des Abends. Eine perfekt abgeschmeckte Foie Gras-Terrine im Baumkuchen-Mantel, daneben eine luftige G\u00e4nselebermousse im feinknusprigen H\u00fcppenteig und als dritte Variation eine karamellige Cr\u00e8me Br\u00fbl\u00e9e-Kugel gef\u00fcllt mit G\u00e4nseleber. Dazu Pastinaken in Form von filigranen Chips und als P\u00fcree.<\/p>\n<p><a href=\"https:\/\/www.anonymekoeche.net\/?attachment_id=7478\" rel=\"attachment wp-att-7478\"><img loading=\"lazy\" decoding=\"async\" class=\"alignnone size-full wp-image-7478\" src=\"https:\/\/www.anonymekoeche.net\/wp-content\/uploads\/Werner_s.jpg\" alt=\"\" width=\"600\" height=\"840\" srcset=\"https:\/\/www.anonymekoeche.net\/wp-content\/uploads\/Werner_s.jpg 600w, https:\/\/www.anonymekoeche.net\/wp-content\/uploads\/Werner_s-214x300.jpg 214w\" sizes=\"auto, (max-width: 600px) 100vw, 600px\" \/><\/a><\/p>\n<p>Werner Sch\u00fcrch vom <a href=\"http:\/\/www.emmenhofburgdorf.ch\" target=\"_blank\">Emmenhof<\/a> bringt zusammen, was zusammen geh\u00f6rt: Ei, Parmesan, weisser Albatr\u00fcffel.<\/p>\n<p>Er nennt es &#8222;Ei Fa\u00e7on Carbanara\u201c. Das fl\u00fcssige Dotter harmoniert perfekt mit Pancetta, cremigem Parmesanschaum und dem weissen Tr\u00fcffel.\u00a0\u00a0Ein\u00a0Sostegno 2015, Marchesi Alfieri, als Weinbegleitung setzt dem ganzen die Krone auf.<\/p>\n<p><a href=\"https:\/\/www.anonymekoeche.net\/?attachment_id=7469\" rel=\"attachment wp-att-7469\"><img loading=\"lazy\" decoding=\"async\" class=\"alignnone size-full wp-image-7469\" src=\"https:\/\/www.anonymekoeche.net\/wp-content\/uploads\/Carbonara_s.jpg\" alt=\"\" width=\"600\" height=\"600\" srcset=\"https:\/\/www.anonymekoeche.net\/wp-content\/uploads\/Carbonara_s.jpg 600w, https:\/\/www.anonymekoeche.net\/wp-content\/uploads\/Carbonara_s-150x150.jpg 150w, https:\/\/www.anonymekoeche.net\/wp-content\/uploads\/Carbonara_s-300x300.jpg 300w\" sizes=\"auto, (max-width: 600px) 100vw, 600px\" \/><\/a><\/p>\n<p>Thomas Haselwanter kam den weiten Weg vom S\u00fcdtirol. Er kocht im <a href=\"http:\/\/www.unterwirt-gufidaun.com\" target=\"_blank\">Restaurant Unterwirt<\/a>, Gufidaun.<\/p>\n<p><a href=\"https:\/\/www.anonymekoeche.net\/?attachment_id=7475\" rel=\"attachment wp-att-7475\"><img loading=\"lazy\" decoding=\"async\" class=\"alignnone size-full wp-image-7475\" src=\"https:\/\/www.anonymekoeche.net\/wp-content\/uploads\/Thomas_s.jpg\" alt=\"\" width=\"600\" height=\"790\" srcset=\"https:\/\/www.anonymekoeche.net\/wp-content\/uploads\/Thomas_s.jpg 600w, https:\/\/www.anonymekoeche.net\/wp-content\/uploads\/Thomas_s-228x300.jpg 228w\" sizes=\"auto, (max-width: 600px) 100vw, 600px\" \/><\/a><\/p>\n<div class=\"page\" title=\"Page 1\">\n<div class=\"layoutArea\">\n<div class=\"column\">\n<p>Von ihm gab es ein sensationell luftiges Souffl\u00e9 mit kr\u00e4ftig\u00a0karamellisierter Kruste vom\u00a0Alpk\u00e4se in Kombination mit butterzarten Artischockenb\u00f6den sowie weissem und schwarzem Tr\u00fcffel. Dazu \u2013 typisch S\u00fcdtiroler K\u00fcche \u2013 zarte, s\u00fcssliche Wirsingbl\u00e4tter.\u00a0Ein warmer, harmonischer Gang. Bestens begleitet von einem 2013 Bric Ginestra von Paolo Conterno aus dem Monferrato.<\/p>\n<\/div>\n<\/div>\n<\/div>\n<p><a href=\"https:\/\/www.anonymekoeche.net\/?attachment_id=7481\" rel=\"attachment wp-att-7481\"><img loading=\"lazy\" decoding=\"async\" class=\"alignnone size-full wp-image-7481\" src=\"https:\/\/www.anonymekoeche.net\/wp-content\/uploads\/Flan_s-1.jpg\" alt=\"\" width=\"600\" height=\"400\" srcset=\"https:\/\/www.anonymekoeche.net\/wp-content\/uploads\/Flan_s-1.jpg 600w, https:\/\/www.anonymekoeche.net\/wp-content\/uploads\/Flan_s-1-300x200.jpg 300w\" sizes=\"auto, (max-width: 600px) 100vw, 600px\" \/><\/a><\/p>\n<p>Diskreter Dealer f\u00fcr diese\u00a0formidable\u00a0Tr\u00fcffelorgie ist Ueli Engel aus Biel. Mehr \u00fcber sein Tr\u00fcffel-Mekka auf\u00a0<a href=\"http:\/\/www.trueffeln.ch\" target=\"_blank\">trueffeln.ch<\/a><\/p>\n<p><a href=\"https:\/\/www.anonymekoeche.net\/?attachment_id=7477\" rel=\"attachment wp-att-7477\"><img loading=\"lazy\" decoding=\"async\" class=\"alignnone size-full wp-image-7477\" src=\"https:\/\/www.anonymekoeche.net\/wp-content\/uploads\/Ueli-Engel_s.jpg\" alt=\"\" width=\"600\" height=\"662\" srcset=\"https:\/\/www.anonymekoeche.net\/wp-content\/uploads\/Ueli-Engel_s.jpg 600w, https:\/\/www.anonymekoeche.net\/wp-content\/uploads\/Ueli-Engel_s-272x300.jpg 272w\" sizes=\"auto, (max-width: 600px) 100vw, 600px\" \/><\/a><\/p>\n<p>Vom Team Schlossk\u00fcche folgt der Hauptgang: Rindsfilet \u201eIrish Angus\u201c am St\u00fcck gebraten auf Sellerie-Kartoffelp\u00fcree mit Kardygem\u00fcse und P\u00e9rigord Tr\u00fcffeljus. Eine Granate dazu\u00a0der Barolo La Ginestra 2011\u00a0von\u00a0Paolo Conterno.<\/p>\n<p><a href=\"https:\/\/www.anonymekoeche.net\/?attachment_id=7472\" rel=\"attachment wp-att-7472\"><img loading=\"lazy\" decoding=\"async\" class=\"alignnone size-full wp-image-7472\" src=\"https:\/\/www.anonymekoeche.net\/wp-content\/uploads\/Filet_s.jpg\" alt=\"\" width=\"600\" height=\"620\" srcset=\"https:\/\/www.anonymekoeche.net\/wp-content\/uploads\/Filet_s.jpg 600w, https:\/\/www.anonymekoeche.net\/wp-content\/uploads\/Filet_s-290x300.jpg 290w\" sizes=\"auto, (max-width: 600px) 100vw, 600px\" \/><\/a><\/p>\n<div class=\"page\" title=\"Page 1\">\n<div class=\"layoutArea\">\n<div class=\"column\">\n<p>Stephan Bader serviert als K\u00e4segang einen Tomme de Mol\u00e9son\u00a0mit weissen und schwarzen P\u00e9rigord-Tr\u00fcffeln. Ein paar Tropfen fruchtiges Oliven\u00f6l und knusprige Brotchips sorgen f\u00fcr Spannung.\u00a0Der Forteto della Luja 2015, Le Grive, war mit seinen akzentuierten,\u00a0verspielten Noten von Veilchen, Heidelbeeren und Zimt\u00a0ein sehr eigenwilliger Wein, der meinen Geschmack leider nicht getroffen hat.<\/p>\n<\/div>\n<\/div>\n<\/div>\n<p><a href=\"https:\/\/www.anonymekoeche.net\/?attachment_id=7476\" rel=\"attachment wp-att-7476\"><img loading=\"lazy\" decoding=\"async\" class=\"alignnone size-full wp-image-7476\" src=\"https:\/\/www.anonymekoeche.net\/wp-content\/uploads\/Tomme_s.jpg\" alt=\"\" width=\"600\" height=\"600\" srcset=\"https:\/\/www.anonymekoeche.net\/wp-content\/uploads\/Tomme_s.jpg 600w, https:\/\/www.anonymekoeche.net\/wp-content\/uploads\/Tomme_s-150x150.jpg 150w, https:\/\/www.anonymekoeche.net\/wp-content\/uploads\/Tomme_s-300x300.jpg 300w\" sizes=\"auto, (max-width: 600px) 100vw, 600px\" \/><\/a><\/p>\n<p>Das s\u00fcsse Finale von Schloss-P\u00e2tissier Alain Schmidlin: Macaron von Haseln\u00fcssen und Granatapfel mit schwarzen P\u00e9rigord-Tr\u00fcffeln. Unversch\u00e4mt gutes Bisquit und eine weisse Ganachemousse mit gef\u00e4hrlich hohem Suchtpotential. Dazu klassisch, Moscato d\u2019Asti Baris\u00e9l 2015, von\u00a0Franco Penna.<\/p>\n<p><a href=\"https:\/\/www.anonymekoeche.net\/?attachment_id=7470\" rel=\"attachment wp-att-7470\"><img loading=\"lazy\" decoding=\"async\" class=\"alignnone size-full wp-image-7470\" src=\"https:\/\/www.anonymekoeche.net\/wp-content\/uploads\/Dessert_s-1.jpg\" alt=\"\" width=\"600\" height=\"460\" srcset=\"https:\/\/www.anonymekoeche.net\/wp-content\/uploads\/Dessert_s-1.jpg 600w, https:\/\/www.anonymekoeche.net\/wp-content\/uploads\/Dessert_s-1-300x230.jpg 300w\" sizes=\"auto, (max-width: 600px) 100vw, 600px\" \/><\/a><\/p>\n<p>Haben gut Lachen, nachdem sie \u00fcber 90 G\u00e4ste gl\u00fccklich gemacht haben:<br \/>\nDer Neue und der Alte\u00a0vom \u00ab<a href=\"http:\/\/www.alterstephan.ch\/de\/seiten\/1\" target=\"_blank\">Alten Stephan<\/a>\u00bb in Solothurn.<\/p>\n<p><a href=\"https:\/\/www.anonymekoeche.net\/?attachment_id=7474\" rel=\"attachment wp-att-7474\"><img loading=\"lazy\" decoding=\"async\" class=\"alignnone size-full wp-image-7474\" src=\"https:\/\/www.anonymekoeche.net\/wp-content\/uploads\/Stefan-Andi_s.jpg\" alt=\"\" width=\"600\" height=\"418\" srcset=\"https:\/\/www.anonymekoeche.net\/wp-content\/uploads\/Stefan-Andi_s.jpg 600w, https:\/\/www.anonymekoeche.net\/wp-content\/uploads\/Stefan-Andi_s-300x209.jpg 300w\" sizes=\"auto, (max-width: 600px) 100vw, 600px\" \/><\/a><\/p>\n<p>Stephan Bader mit Andy Zaugg, der die Tr\u00fcffelabend-Serie im Schloss initiierte und n\u00e4chstes Jahr hoffentlich wieder f\u00fcr genussvolle Stunden sorgen wird. Merci, Chef!<\/p>\n<!-- AddThis Advanced Settings generic via filter on the_content --><!-- AddThis Share Buttons generic via filter on the_content -->","protected":false},"excerpt":{"rendered":"<p>Sonntagabend, halb sieben. F\u00fcr viele\u00a0Fixtermin\u00a0f\u00fcr die w\u00f6chentliche Depro-Dosis fait maison. Das Wochenende ist wieder\u00a0mal viel zu schnell aufgebraucht.\u00a0Und was sie\u00a0sich\u00a0dann antun, ist grauslich:\u00a0Tatort schauen! Na, bravo. Als ob holprige Dialoge, holzige Akteure\u00a0und haarstr\u00e4ubende Plots\u00a0Abhilfe leisten k\u00f6nnten. Selber schuld. W\u00e4ren besser mal der Spur ins Restaurant Schloss Bottmingen\u00a0gefolgt. Wer den richtigen Riecher\u00a0hatte, wurde\u00a0an diesem kulinarischen Tatort [&hellip;]<!-- AddThis Advanced Settings generic via filter on wp_trim_excerpt --><!-- AddThis Share Buttons generic via filter on wp_trim_excerpt --><\/p>\n","protected":false},"author":3,"featured_media":0,"comment_status":"open","ping_status":"open","sticky":false,"template":"","format":"standard","meta":{"footnotes":""},"categories":[1,3],"tags":[921,917,918,920,922,87,914,916,923,65,919,915,924],"class_list":["post-7466","post","type-post","status-publish","format-standard","hentry","category-allgemein","category-gegessen","tag-alba","tag-andy-zaugg","tag-arno-sgier","tag-perigord","tag-piemont","tag-restaurant","tag-schloss-bottmingen","tag-soiree-truffes","tag-thomas-haselwanter","tag-truffel","tag-ueli-engel","tag-weiherschloss","tag-werner-schuerch"],"_links":{"self":[{"href":"https:\/\/www.anonymekoeche.net\/index.php?rest_route=\/wp\/v2\/posts\/7466","targetHints":{"allow":["GET"]}}],"collection":[{"href":"https:\/\/www.anonymekoeche.net\/index.php?rest_route=\/wp\/v2\/posts"}],"about":[{"href":"https:\/\/www.anonymekoeche.net\/index.php?rest_route=\/wp\/v2\/types\/post"}],"author":[{"embeddable":true,"href":"https:\/\/www.anonymekoeche.net\/index.php?rest_route=\/wp\/v2\/users\/3"}],"replies":[{"embeddable":true,"href":"https:\/\/www.anonymekoeche.net\/index.php?rest_route=%2Fwp%2Fv2%2Fcomments&post=7466"}],"version-history":[{"count":44,"href":"https:\/\/www.anonymekoeche.net\/index.php?rest_route=\/wp\/v2\/posts\/7466\/revisions"}],"predecessor-version":[{"id":7525,"href":"https:\/\/www.anonymekoeche.net\/index.php?rest_route=\/wp\/v2\/posts\/7466\/revisions\/7525"}],"wp:attachment":[{"href":"https:\/\/www.anonymekoeche.net\/index.php?rest_route=%2Fwp%2Fv2%2Fmedia&parent=7466"}],"wp:term":[{"taxonomy":"category","embeddable":true,"href":"https:\/\/www.anonymekoeche.net\/index.php?rest_route=%2Fwp%2Fv2%2Fcategories&post=7466"},{"taxonomy":"post_tag","embeddable":true,"href":"https:\/\/www.anonymekoeche.net\/index.php?rest_route=%2Fwp%2Fv2%2Ftags&post=7466"}],"curies":[{"name":"wp","href":"https:\/\/api.w.org\/{rel}","templated":true}]}}