{"id":7590,"date":"2017-03-05T00:20:07","date_gmt":"2017-03-04T23:20:07","guid":{"rendered":"http:\/\/www.anonymekoeche.net\/?p=7590"},"modified":"2017-03-05T15:31:20","modified_gmt":"2017-03-05T14:31:20","slug":"logbuch-lissabon","status":"publish","type":"post","link":"https:\/\/www.anonymekoeche.net\/?p=7590","title":{"rendered":"Leckerbissen Lissabon."},"content":{"rendered":"<p><a href=\"https:\/\/www.anonymekoeche.net\/?attachment_id=7662\" rel=\"attachment wp-att-7662\"><img loading=\"lazy\" decoding=\"async\" class=\"alignnone size-full wp-image-7662\" src=\"https:\/\/www.anonymekoeche.net\/wp-content\/uploads\/taberna-porks.jpg\" alt=\"Taberna Porks\" width=\"600\" height=\"401\" srcset=\"https:\/\/www.anonymekoeche.net\/wp-content\/uploads\/taberna-porks.jpg 600w, https:\/\/www.anonymekoeche.net\/wp-content\/uploads\/taberna-porks-300x201.jpg 300w\" sizes=\"auto, (max-width: 600px) 100vw, 600px\" \/><\/a><\/p>\n<p>Vor dem Abflug nach Lissabon lese ich von randalierenden Taxifahrern, die gestern Nacht in Basel auf Uber-Fahrer losgingen. Die Polizei verhinderte, dass Baseballschl\u00e4ger auf Windschutz- oder Kniescheiben von Uberfahrern landeten. Taxi-Trottel. Die nehmen euch die Kunden weg? Mimimi! Zeit, euer Businessmodell zu \u00fcberdenken. Auf andere losgehen, weil sie den besseren Service g\u00fcnstiger anbieten ist: Keine kundenorientierte L\u00f6sung.<\/p>\n<p>In Lissabon angekommen starte ich meine Uber App und freue mich. Es gibt Uber X, Green und Black. Uber Black ist Boss, weiss mein Sohn. Erfolgreiche Youtuber fahren Uber Black. Fette Limos, korrekter Service. Meine Frau ist skeptisch. Ich frotzle: \u00abHast recht, my dear, nehmen wir lieber einen windigen T\u00e4xeler der f\u00fcnf Euro pro Gep\u00e4ckst\u00fcck, eine dubiose Grundtaxte, einen extra Umweg und Summa summarum 30 Euro nimmt. So stand das doch bei besondere Tipps auf dem Reiseportal, stimmts?\u00bb<\/p>\n<p>Die Fahrt mit Uber X oder Green kostet 6 bis 8 Euro. Aber erfolgreiche Foodblogger fahren Uber Black. Kostet dann 20 Euro. Immer noch g\u00fcnstiger als ein Taxi. Fahrer Joao ruft an: \u00abClaudio? Ich bin gleich da, schwarze S-Klasse. Steht ihr vorne auf der Insel?\u00bb Breites Grinsen bei meinen S\u00f6hnen. Fettes Fragezeichen bei meiner Frau. Joao tr\u00e4gt ein L\u00e4cheln auf den Lippen, Anzug und Krawatte, hat grau meliertes Haar und Manieren eines Palace-Chauffeurs! Kein Wunderbaum, sondern ein Duftmix aus Neuwagen und Leder h\u00e4ngt in der Limousine, Neben Sade, die ihre Ballade in das High-End Soundsystem haucht, s\u00e4uselt Joao etwas von k\u00fchlen Getr\u00e4nken die bereitstehen und erkundigt sich ob das Klima angenehm sei.<\/p>\n<p>Von da an fahren wir, wenn wir nicht stundenlang durch die bet\u00f6rend sch\u00f6nen Gassen\u00a0flanieren, nur noch Uber. Jedes \u00d6V ist teurer f\u00fcr vier Personen. Manchmal ist es richtig abenteuerlich, aber in den Ferien nimmt man es mit Humor. Wie die n\u00e4chtliche Fahrt mit Niculina. Ich muss Jim Jarmusch anrufen und ihm sagen, er soll \u00abNight on Earth\u00bb neu verfilmen. Niculina schl\u00e4gt in Sachen beschissener Fahrstil selbst Helmut Grokenberger!<\/p>\n<p>Wir schlendern ins Zentrum und das Erste, was mir an diesem milden Februartag in die Nase steigt sind R\u00f6staromen und der Duft von Holzkohle. Es sind Marroniverk\u00e4ufer. Mit einer Rauchfahne die schon von weitem sichtbar ist. Was ich allerdings noch nie gesehen habe sind: Weisse Maronni.<\/p>\n<p><a href=\"https:\/\/www.anonymekoeche.net\/?attachment_id=7618\" rel=\"attachment wp-att-7618\"><img loading=\"lazy\" decoding=\"async\" class=\"alignnone size-full wp-image-7618\" src=\"https:\/\/www.anonymekoeche.net\/wp-content\/uploads\/marroni-lissabon.jpg\" alt=\"Marroni Lissabon\" width=\"600\" height=\"731\" srcset=\"https:\/\/www.anonymekoeche.net\/wp-content\/uploads\/marroni-lissabon.jpg 600w, https:\/\/www.anonymekoeche.net\/wp-content\/uploads\/marroni-lissabon-246x300.jpg 246w\" sizes=\"auto, (max-width: 600px) 100vw, 600px\" \/><\/a><\/p>\n<p>Das kommt vom Meersalz, mit dem sie bestreut werden. Das ist ziemlich genial. Das Salz entzieht der Schale beim R\u00f6sten Feuchtigkeit, dadurch wird sie d\u00fcnn wie Papier und l\u00e4sst sich m\u00fchelos abziehen. Fantastisch. Habe ich schon erw\u00e4hnt, wie sehr ich <a href=\"https:\/\/www.anonymekoeche.net\/?p=5763\" target=\"_blank\">Marroni<\/a> liebe?<\/p>\n<p><a href=\"https:\/\/www.anonymekoeche.net\/?attachment_id=7617\" rel=\"attachment wp-att-7617\"><img loading=\"lazy\" decoding=\"async\" class=\"alignnone size-full wp-image-7617\" src=\"https:\/\/www.anonymekoeche.net\/wp-content\/uploads\/Marroni-Hand_s.jpg\" alt=\"Marroni\" width=\"600\" height=\"617\" srcset=\"https:\/\/www.anonymekoeche.net\/wp-content\/uploads\/Marroni-Hand_s.jpg 600w, https:\/\/www.anonymekoeche.net\/wp-content\/uploads\/Marroni-Hand_s-292x300.jpg 292w\" sizes=\"auto, (max-width: 600px) 100vw, 600px\" \/><\/a><\/p>\n<p>Auf meiner Fressliste, die Dank den zahlreichen Empfehlungen meiner Facebook-Freunde ellenlang und vielversprechend ist, findet sich der <a href=\"http:\/\/palaciochiado.pt\" target=\"_blank\">Pal\u00e1cio Chiado<\/a>\u00a0im gleichnamigen eleganten Stadtviertel, das sich zusammen mit dem Bairro Alto als mein Liebstes entpuppen wird.<\/p>\n<p><a href=\"https:\/\/www.anonymekoeche.net\/?attachment_id=7622\" rel=\"attachment wp-att-7622\"><img loading=\"lazy\" decoding=\"async\" class=\"alignnone size-full wp-image-7622\" src=\"https:\/\/www.anonymekoeche.net\/wp-content\/uploads\/palacio-chiado-saal.jpg\" alt=\"Palacio Chiado Saal\" width=\"600\" height=\"898\" srcset=\"https:\/\/www.anonymekoeche.net\/wp-content\/uploads\/palacio-chiado-saal.jpg 600w, https:\/\/www.anonymekoeche.net\/wp-content\/uploads\/palacio-chiado-saal-200x300.jpg 200w\" sizes=\"auto, (max-width: 600px) 100vw, 600px\" \/><\/a><\/p>\n<p>Das umwerfend sch\u00f6ne Stadtpalais mit Stukkaturen, S\u00e4ulen, Statuetten und Affresken aus dem 18. Jahrhundert liegt an der Rua do Alecrim \u2013 wie bezaubernd: Rosmarin-Strasse!<\/p>\n<p><img loading=\"lazy\" decoding=\"async\" class=\"alignnone size-full wp-image-7623\" src=\"https:\/\/www.anonymekoeche.net\/wp-content\/uploads\/palacio-chiado-treppe.jpg\" alt=\"Palacio Chiado Treppe\" width=\"600\" height=\"898\" srcset=\"https:\/\/www.anonymekoeche.net\/wp-content\/uploads\/palacio-chiado-treppe.jpg 600w, https:\/\/www.anonymekoeche.net\/wp-content\/uploads\/palacio-chiado-treppe-200x300.jpg 200w\" sizes=\"auto, (max-width: 600px) 100vw, 600px\" \/><\/p>\n<p>Darin befinden sich mehrere Restaurants, eine Bar \u00fcber der eine gigantische goldenen Chim\u00e4re schwebt, eine Tapas Theke sowie das Sushic. Neben japanischen Gerichten gibt es dort asiatisch Inspiriertes aus der portugiesischen K\u00fcche.<\/p>\n<p><a href=\"https:\/\/www.anonymekoeche.net\/?attachment_id=7621\" rel=\"attachment wp-att-7621\"><img loading=\"lazy\" decoding=\"async\" class=\"alignnone size-full wp-image-7621\" src=\"https:\/\/www.anonymekoeche.net\/wp-content\/uploads\/palacio-chiado-bar.jpg\" alt=\"Palacio Chiado Bar\" width=\"600\" height=\"810\" srcset=\"https:\/\/www.anonymekoeche.net\/wp-content\/uploads\/palacio-chiado-bar.jpg 600w, https:\/\/www.anonymekoeche.net\/wp-content\/uploads\/palacio-chiado-bar-222x300.jpg 222w\" sizes=\"auto, (max-width: 600px) 100vw, 600px\" \/><\/a><\/p>\n<p>Zum Beispiel ein Ceviche\u00a0von der Makrele, das frisch, fleischig und w\u00fcrzig schmeckt.<\/p>\n<p><a href=\"https:\/\/www.anonymekoeche.net\/?attachment_id=7614\" rel=\"attachment wp-att-7614\"><img loading=\"lazy\" decoding=\"async\" class=\"alignnone size-full wp-image-7614\" src=\"https:\/\/www.anonymekoeche.net\/wp-content\/uploads\/makrele-ceviche.jpg\" alt=\"Makrele Ceviche\" width=\"600\" height=\"401\" srcset=\"https:\/\/www.anonymekoeche.net\/wp-content\/uploads\/makrele-ceviche.jpg 600w, https:\/\/www.anonymekoeche.net\/wp-content\/uploads\/makrele-ceviche-300x201.jpg 300w\" sizes=\"auto, (max-width: 600px) 100vw, 600px\" \/><\/a><\/p>\n<p>Oder ein Tempura mit Makrele, typisch portugiesisch mit Essig, roten Zwiebeln, Speck und Koriander gew\u00fcrzt und asiatisch mit geschmortem Ingwer und Edamame kombiniert. Richtig gut.<\/p>\n<p><a href=\"https:\/\/www.anonymekoeche.net\/?attachment_id=7615\" rel=\"attachment wp-att-7615\"><img loading=\"lazy\" decoding=\"async\" class=\"alignnone size-full wp-image-7615\" src=\"https:\/\/www.anonymekoeche.net\/wp-content\/uploads\/makrele-frittiert.jpg\" alt=\"Makrele frittiert\" width=\"600\" height=\"401\" srcset=\"https:\/\/www.anonymekoeche.net\/wp-content\/uploads\/makrele-frittiert.jpg 600w, https:\/\/www.anonymekoeche.net\/wp-content\/uploads\/makrele-frittiert-300x201.jpg 300w\" sizes=\"auto, (max-width: 600px) 100vw, 600px\" \/><\/a><\/p>\n<p>Toll auch, dass sich viele heimische Fische auf der Karte finden. Auch das panierte Katsu Matsu Schweineschnitzel, die kleinen Ebi Tempura-Rollen oder Jakobsmuscheln mit eingelegtem K\u00fcrbis, Shitake und Spinat machen zum Lunch m\u00e4chtig Freude.<\/p>\n<p>Wir gehen die Strasse hinunter in Richtung Mercado da Ribeira, vorbei am <a href=\"http:\/\/figaroslisboa.com\" target=\"_blank\">Figaro\u2019s<\/a>, dem coolen Men only Barber Shop, wo sich mein Sohn auf der Stelle einen klassischen Haarschnitt verpassen l\u00e4sst. Senhor,\u00a0die Lady\u00a0darf\u00a0leider nicht hier drin warten, weist mich der Oberfigaro an. Da verstehen die keinen Spass. Als Lekt\u00fcre liegt unter anderem der Playboy auf. Ich ziehe es vor, eine kleine Fotoserie von meinem Sohn zu machen, kann er gut f\u00fcr Snapchat verwenden.<\/p>\n<p><a href=\"https:\/\/www.anonymekoeche.net\/?attachment_id=7667\" rel=\"attachment wp-att-7667\"><img loading=\"lazy\" decoding=\"async\" class=\"alignnone size-full wp-image-7667\" src=\"https:\/\/www.anonymekoeche.net\/wp-content\/uploads\/figaros-lisboa.jpg\" alt=\"Figaros Lisboa\" width=\"600\" height=\"401\" srcset=\"https:\/\/www.anonymekoeche.net\/wp-content\/uploads\/figaros-lisboa.jpg 600w, https:\/\/www.anonymekoeche.net\/wp-content\/uploads\/figaros-lisboa-300x201.jpg 300w\" sizes=\"auto, (max-width: 600px) 100vw, 600px\" \/><\/a><\/p>\n<p>Der gedeckte Ribeira Markt wo fangfrischer Fisch, Gem\u00fcse und mehr zu finden ist, beherbergt auch den <a href=\"http:\/\/www.timeoutmarket.com\/en\/\" target=\"_blank\">Time Out Market<\/a>.<\/p>\n<p><a href=\"https:\/\/www.anonymekoeche.net\/?attachment_id=7633\" rel=\"attachment wp-att-7633\"><img loading=\"lazy\" decoding=\"async\" class=\"alignnone size-full wp-image-7633\" src=\"https:\/\/www.anonymekoeche.net\/wp-content\/uploads\/time-out-market.jpg\" alt=\"Time out Market\" width=\"600\" height=\"401\" srcset=\"https:\/\/www.anonymekoeche.net\/wp-content\/uploads\/time-out-market.jpg 600w, https:\/\/www.anonymekoeche.net\/wp-content\/uploads\/time-out-market-300x201.jpg 300w\" sizes=\"auto, (max-width: 600px) 100vw, 600px\" \/><\/a><\/p>\n<p>Eine beeindruckende Foodhalle mit \u00fcber 35 Food-Kiosks. Einer verlockender als der andere. Darunter f\u00fcnf, die von Spitzenk\u00f6chen betrieben werden. Und das jeden Tag durchgehend bis nach Mitternacht. Wir werden bestimmt abends hierherkommen und uns an den langen B\u00e4nken in der Saalmitte mit unkomplizierten Gerichten und frisch gezapftem Bier oder Vinho Verde am\u00fcsieren.<\/p>\n<p>Zur\u00fcck daheim\u00a0lesen wir dann in der\u00a0BaZ, dass das Basler Standortmarketing jetzt auch so eine geniale Idee hatte. Der Marktplatz wird um einen \u00abSchlemmer-Markt\u00bb erweitert.\u00a0K\u00fcnftig\u00a0wird es\u00a0also ein staatlich angeordnetes \u00abvielf\u00e4ltiges und leckeres Verpflegungsangebot\u00bb\u00a0geben: \u00abJeweils am\u00a0Montag von 8.30 bis 14 Uhr.\u00bb Ich breche vor Lachen fast zusammen, bitte, ich brauche eine Papiert\u00fcte, ich hyperventiliere!<\/p>\n<p>Doch es ist erst Nachmittag und wir beissen bei Manteigaria\u00a0zun\u00e4chst\u00a0mal in unser erstes Past\u00e9is de Nata, dem bekanntesten Geb\u00e4ck Lissabons.<\/p>\n<p><a href=\"https:\/\/www.anonymekoeche.net\/?attachment_id=7625\" rel=\"attachment wp-att-7625\"><img loading=\"lazy\" decoding=\"async\" class=\"alignnone size-full wp-image-7625\" src=\"https:\/\/www.anonymekoeche.net\/wp-content\/uploads\/pastel-de-nata.jpg\" alt=\"Pastel de Nata\" width=\"600\" height=\"576\" srcset=\"https:\/\/www.anonymekoeche.net\/wp-content\/uploads\/pastel-de-nata.jpg 600w, https:\/\/www.anonymekoeche.net\/wp-content\/uploads\/pastel-de-nata-300x288.jpg 300w\" sizes=\"auto, (max-width: 600px) 100vw, 600px\" \/><\/a><\/p>\n<p>Das mit einer Eicreme gef\u00fcllte Bl\u00e4tterteigt\u00f6rtchen wird warm serviert und nach Belieben mit Zimt oder Puderzucker bestreut. Grosser Suchtfaktor! Die unangefochtene Nummer eins allerdings ist die sagenumworbene B\u00e4ckerei in Bel\u00e9m, dessen T\u00f6rtchen Past\u00e9is de Bel\u00e9m heissen und Dank gut geh\u00fctetem Geheimrezept als die besten der Stadt gelten.<\/p>\n<p>Abends versuchen wir ohne Reservierung ins Sala de Corte zu kommen. Ein kleines Steakhouse mit Reifeschrank und Josper-Grill. Keine Chance. Ich hatte so eine Ahnung. Fortan werde ich konsequent reservieren. Auch wenn das die Urlaubsspontanit\u00e4t tr\u00fcben mag. Gutes Essen ist mir einfach zu wichtig. Ich hasse den sonst drohenden Spiessrutenlauf von Tourifalle zu Tourifalle in einer fremden Stadt. Denn obwohl Lissabon eine immense gastronomische Dichte aufweist, isst man laut Insidern eher schlecht und muss deshalb die Lokale sehr genau w\u00e4hlen. Gut, dass das Sala de Corte gleich neben dem Time out Market liegt. Jetzt sind wir froh um genau diesen brummenden Kessel.<\/p>\n<p>Wir holen uns bei Sternekoch <a href=\"http:\/\/www.timeoutmarket.com\/en\/eat-and-drink\/henrique-sa-pessoa\/\" target=\"_blank\">Henrique s\u00e1 Pessoa<\/a> f\u00fcr sehr faire 11 Euro ein 24 Stunden geschmortes Spanferkel mit S\u00fcsskartoffelp\u00fcree<\/p>\n<p><a href=\"https:\/\/www.anonymekoeche.net\/?attachment_id=7632\" rel=\"attachment wp-att-7632\"><img loading=\"lazy\" decoding=\"async\" class=\"alignnone size-full wp-image-7632\" src=\"https:\/\/www.anonymekoeche.net\/wp-content\/uploads\/time-out-market-spanferkel.jpg\" alt=\"Time out Market Spanferkel\" width=\"600\" height=\"426\" srcset=\"https:\/\/www.anonymekoeche.net\/wp-content\/uploads\/time-out-market-spanferkel.jpg 600w, https:\/\/www.anonymekoeche.net\/wp-content\/uploads\/time-out-market-spanferkel-300x213.jpg 300w\" sizes=\"auto, (max-width: 600px) 100vw, 600px\" \/><\/a><\/p>\n<p>und ein konfiertes B\u00e4ckchen vom Alentejoschwein mit Stampfkartoffeln, Mangold und traumhaftem Jus.<\/p>\n<p><a href=\"https:\/\/www.anonymekoeche.net\/?attachment_id=7631\" rel=\"attachment wp-att-7631\"><img loading=\"lazy\" decoding=\"async\" class=\"alignnone size-full wp-image-7631\" src=\"https:\/\/www.anonymekoeche.net\/wp-content\/uploads\/time-out-market-pork.jpg\" alt=\"Time out Market Pork\" width=\"600\" height=\"719\" srcset=\"https:\/\/www.anonymekoeche.net\/wp-content\/uploads\/time-out-market-pork.jpg 600w, https:\/\/www.anonymekoeche.net\/wp-content\/uploads\/time-out-market-pork-250x300.jpg 250w\" sizes=\"auto, (max-width: 600px) 100vw, 600px\" \/><\/a><\/p>\n<p>Fantastisch. Wir merken uns f\u00fcr den n\u00e4chsten Lissabonbesuch schon mal sein Gourmetrestaurant <a href=\"http:\/\/www.almalisboa.pt\/en\" target=\"_blank\">Alma<\/a> in der Altstadt vor.<\/p>\n<p>Am n\u00e4chsten Mittag klappt es dann auch im <a href=\"http:\/\/www.saladecorte.pt\" target=\"_blank\">Sala de Corte<\/a>. Der Kellner ist sich seiner Sache nicht sicher, er glaubt, die trocken gereiften Ochsenkoteletts kommen aus Polen. Oder Nordeuropa? Jedenfalls nicht aus Portugal. Weitere Aufkl\u00e4rung bleibt er, wie auch die Website, leider schuldig. Schade f\u00fcr ein Restaurant, das sich explizit auf gutes Fleisch konzentriert und dieses immerhin tadellos auf dem h\u00f6llisch heissen Jospergrill zubereitet.<\/p>\n<p><a href=\"https:\/\/www.anonymekoeche.net\/?attachment_id=7607\" rel=\"attachment wp-att-7607\"><img loading=\"lazy\" decoding=\"async\" class=\"alignnone size-full wp-image-7607\" src=\"https:\/\/www.anonymekoeche.net\/wp-content\/uploads\/cote-de-boeuf.jpg\" alt=\"Cote de Boeuf\" width=\"600\" height=\"429\" srcset=\"https:\/\/www.anonymekoeche.net\/wp-content\/uploads\/cote-de-boeuf.jpg 600w, https:\/\/www.anonymekoeche.net\/wp-content\/uploads\/cote-de-boeuf-300x215.jpg 300w\" sizes=\"auto, (max-width: 600px) 100vw, 600px\" \/><\/a><\/p>\n<p>Davor gibt es sehr aromatischen, f\u00fcnf Jahre gereiften Pata Negra Schinken<\/p>\n<p><a href=\"https:\/\/www.anonymekoeche.net\/?attachment_id=7627\" rel=\"attachment wp-att-7627\"><img loading=\"lazy\" decoding=\"async\" class=\"alignnone size-full wp-image-7627\" src=\"https:\/\/www.anonymekoeche.net\/wp-content\/uploads\/pata-negra-schinken.jpg\" alt=\"Pata Negra Schinken\" width=\"600\" height=\"478\" srcset=\"https:\/\/www.anonymekoeche.net\/wp-content\/uploads\/pata-negra-schinken.jpg 600w, https:\/\/www.anonymekoeche.net\/wp-content\/uploads\/pata-negra-schinken-300x239.jpg 300w\" sizes=\"auto, (max-width: 600px) 100vw, 600px\" \/><\/a><\/p>\n<p>und luftige Buns, die mit herrlich fettigem Chorizo gef\u00fcllt sind.<\/p>\n<p><a href=\"https:\/\/www.anonymekoeche.net\/?attachment_id=7606\" rel=\"attachment wp-att-7606\"><img loading=\"lazy\" decoding=\"async\" class=\"alignnone size-full wp-image-7606\" src=\"https:\/\/www.anonymekoeche.net\/wp-content\/uploads\/chorizo-buns.jpg\" alt=\"Chorizo Buns\" width=\"600\" height=\"586\" srcset=\"https:\/\/www.anonymekoeche.net\/wp-content\/uploads\/chorizo-buns.jpg 600w, https:\/\/www.anonymekoeche.net\/wp-content\/uploads\/chorizo-buns-300x293.jpg 300w\" sizes=\"auto, (max-width: 600px) 100vw, 600px\" \/><\/a><\/p>\n<p>Wir wollen eigentlich zum Shopping in die ehemalige Botschaft <a href=\"https:\/\/www.embaixadalx.pt\" target=\"_blank\">Embaixada<\/a>, einem stimmigen Concept Store in einem entz\u00fcckenden historischen Geb\u00e4ude. Aber wir bleiben an der <a href=\"http:\/\/ginlovers.pt\/gl\/?action=default\" target=\"_blank\">Gin Lovers Bar<\/a> im ersten Stock h\u00e4ngen<\/p>\n<p><a href=\"https:\/\/www.anonymekoeche.net\/?attachment_id=7608\" rel=\"attachment wp-att-7608\"><img loading=\"lazy\" decoding=\"async\" class=\"alignnone size-full wp-image-7608\" src=\"https:\/\/www.anonymekoeche.net\/wp-content\/uploads\/embaixada-gin-lovers.jpg\" alt=\"Embaixada Gin Lovers\" width=\"600\" height=\"401\" srcset=\"https:\/\/www.anonymekoeche.net\/wp-content\/uploads\/embaixada-gin-lovers.jpg 600w, https:\/\/www.anonymekoeche.net\/wp-content\/uploads\/embaixada-gin-lovers-300x201.jpg 300w\" sizes=\"auto, (max-width: 600px) 100vw, 600px\" \/><\/a><\/p>\n<p>und lassen den Nachmittag bei massgefertigten Gin and Tonic ausklingen.<\/p>\n<p><a href=\"https:\/\/www.anonymekoeche.net\/?attachment_id=7610\" rel=\"attachment wp-att-7610\"><img loading=\"lazy\" decoding=\"async\" class=\"alignnone size-full wp-image-7610\" src=\"https:\/\/www.anonymekoeche.net\/wp-content\/uploads\/gin-and-tonic.jpg\" alt=\"Gin and Tonic\" width=\"600\" height=\"763\" srcset=\"https:\/\/www.anonymekoeche.net\/wp-content\/uploads\/gin-and-tonic.jpg 600w, https:\/\/www.anonymekoeche.net\/wp-content\/uploads\/gin-and-tonic-236x300.jpg 236w\" sizes=\"auto, (max-width: 600px) 100vw, 600px\" \/><\/a><\/p>\n<p>Danach flanieren wir pleasantly plastered zum Miradouro de S\u00e3o Pedro de Alc\u00e2ntara, geniessen den Ausblick \u00fcber die Stadt und betrinken uns am Anblick der gekachelten Fassaden im Bairro Alto und den historischen Trams. Auffallend ist, wie relaxed und friedfertig die Stadt tickt. Und \u00fcber allem liegt dieser etwas verwitterte Charme. Selbst das Verruchte und Verkommene strahlt etwas Poetisches aus. Wie mein neues portugiesisches Lieblingswort: Vagabunda \u2013 klingt das nicht sinnlicher als Hure?<\/p>\n<p>Wow, diese <a href=\"http:\/\/pasteisdebelem.pt\/en\/\" target=\"_blank\">Past\u00e9is de Bel\u00e9m<\/a> B\u00e4ckerei ist ja riesig!<\/p>\n<p><img loading=\"lazy\" decoding=\"async\" class=\"alignnone size-full wp-image-7624\" src=\"https:\/\/www.anonymekoeche.net\/wp-content\/uploads\/pasteis-de-belem.jpg\" alt=\"Pasteis de Belem\" width=\"600\" height=\"759\" srcset=\"https:\/\/www.anonymekoeche.net\/wp-content\/uploads\/pasteis-de-belem.jpg 600w, https:\/\/www.anonymekoeche.net\/wp-content\/uploads\/pasteis-de-belem-237x300.jpg 237w\" sizes=\"auto, (max-width: 600px) 100vw, 600px\" \/><\/p>\n<p>\u00dcber 400 Sitzpl\u00e4tze in unterschiedlichen Innen- und Aussenr\u00e4umen gibt es in dieser labyrinthischen, historischen P\u00e2tisserie. Die Warteschlange mit Menschen, die sich die ber\u00fchmten T\u00f6rtchen holen wollen, zieht sich entlang der ganzen H\u00e4userzeile. Ich bin dankbar f\u00fcr den Tipp, nicht hinten anzustehen, sondern sich hinzusetzen und bedienen zu lassen. Das geht ziemlich fix und das Treiben der Kellner ein Spektakel f\u00fcr sich. Das T\u00f6rtchen selbst ist wirklich nicht zu vergleichen mit den anderen der Stadt. Der Teig ist um einiges knuspriger, wenn auch nicht unbedingt aromatischer, weil vermutlich eher Schmalz, als Butter drin ist. Aber man weiss es ja nicht so genau. Und die Eicreme hat eine luftigere Konsistenz. Einer Crema Catalana \u00e4hnlich. Aber das darf man nicht zu laut sagen, ich glaube, Portugiesen k\u00f6nnen Spanier nicht leiden.<\/p>\n<p>Danach kann man die nahe gelegenen Museen besuchen, das Hieronymus-Kloster und den Turm von Bel\u00e9m, beides Weltkulturerbe. Die Aussicht auf Turm und Tejom\u00fcndung l\u00e4sst sich \u00fcbrigens vorz\u00fcglich potenzieren, indem man der Einladung der Weinliebhaberin B\u00e1rbara Vidal de Moraes folgt, die das findige Konzept <a href=\"https:\/\/winewithaview.pt\" target=\"_blank\">Wine with a View<\/a> realisiert hat. Sie bietet offene Weine aus ihrem Vintage Dreiradtransporter und einen Platz an der Sonne auf einem der Strandst\u00fchle inklusive\u00a0Glashalterung.<\/p>\n<p><a href=\"https:\/\/www.anonymekoeche.net\/?attachment_id=7635\" rel=\"attachment wp-att-7635\"><img loading=\"lazy\" decoding=\"async\" class=\"alignnone size-full wp-image-7635\" src=\"https:\/\/www.anonymekoeche.net\/wp-content\/uploads\/wine-with-a-view.jpg\" alt=\"Wine with a view\" width=\"600\" height=\"898\" srcset=\"https:\/\/www.anonymekoeche.net\/wp-content\/uploads\/wine-with-a-view.jpg 600w, https:\/\/www.anonymekoeche.net\/wp-content\/uploads\/wine-with-a-view-200x300.jpg 200w\" sizes=\"auto, (max-width: 600px) 100vw, 600px\" \/><\/a><\/p>\n<p>Auf das Abendessen freue ich mich besonders. Wir gehen ins angesagte <a href=\"http:\/\/www.boi-cavalo.pt\" target=\"_blank\">Boi Cavalo<\/a> im engen Altstadtviertel Alfama, das f\u00fcr lauschige Lokale, in denen Fado gesungen wird, bekannt ist.<\/p>\n<p>Von melancholischer Romatik ist das Boi Cavalo allerdings komplett befreit. Beim Eintreten r\u00f6hrt Dave Grohl volle Kanne aus den Lautsprechern. Gef\u00e4llt mir. Vorerst. Das winzige Lokal der ehemaligen Metzgerei ist mit einfachen Holztischen ausgestattet. Der Blick in die K\u00fcche von Hugo Brito offen. Sie gilt als innovativ, \u00fcberraschend und kreativ. Sie lehnt sich an klassische portugiesische Gerichte an, die neu interpretiert werden. Wir sind gespannt.<\/p>\n<p>Das fixe F\u00fcnfgang-Men\u00fc kostet 32 Euro. Es richtet sich strikte nach dem Marktangebot des Tages. Andere Gerichte stehen nicht zur Auswahl. Die nette und nett t\u00e4towierte (na, klar) Joana erkl\u00e4rt uns etwas verlegen, dass es heute leider vier von f\u00fcnf Gerichten, die auf der Men\u00fckarte stehen, nicht gibt. Wir sollen uns einfach auf die \u00dcberraschungen freuen. Machen wir, Joana. Derweil verl\u00e4sst Hugo Brito sein Lokal und \u00fcberl\u00e4sst das Ruder seinem Souschef und zwei K\u00f6chen. Ist die Musik vielleicht doch etwas zu laut? Oder ich langsam zu alt?<\/p>\n<p>Es gr\u00fcsst: Sushireis mit Olivencreme, Orangenkonfit und regionaler Tr\u00fcffel.<\/p>\n<p><a href=\"https:\/\/www.anonymekoeche.net\/?attachment_id=7604\" rel=\"attachment wp-att-7604\"><img loading=\"lazy\" decoding=\"async\" class=\"alignnone size-full wp-image-7604\" src=\"https:\/\/www.anonymekoeche.net\/wp-content\/uploads\/boi-cavalo-sushi.jpg\" alt=\"Boi Cavalo Sushi\" width=\"600\" height=\"576\" srcset=\"https:\/\/www.anonymekoeche.net\/wp-content\/uploads\/boi-cavalo-sushi.jpg 600w, https:\/\/www.anonymekoeche.net\/wp-content\/uploads\/boi-cavalo-sushi-300x288.jpg 300w\" sizes=\"auto, (max-width: 600px) 100vw, 600px\" \/><\/a><\/p>\n<p>Der Happen ist eine leicht missratene Begr\u00fcssung. Der Reis weder gar noch besonders aromatisch. Sushi daran ist nur die Portionierung. 1 St\u00fcck pro Person. Olivencreme, Orangenkonfit schmecken gut. Aber was ist mit dem Tr\u00fcffel passiert? Frittiert? Getrocknet? Jedenfalls komplett seines Aromas und seiner Textur beraubt, wie immer das passiert ist.<\/p>\n<p>Der erste Gang ist ein zu knapp blanchiertes Blatt ger\u00e4ucherter Gr\u00fcnkohl. Es zu kauen macht keine Freude. Es ist z\u00e4h. Dar\u00fcber eine hom\u00f6opathische Dosis Shrimp Powder, darunter ein Klacks Meerrettichschaum. Innovativ, \u00fcberraschend, kreativ? Naja, \u00fcberrascht bin ich zumindest.<\/p>\n<p><a href=\"https:\/\/www.anonymekoeche.net\/?attachment_id=7601\" rel=\"attachment wp-att-7601\"><img loading=\"lazy\" decoding=\"async\" class=\"alignnone size-full wp-image-7601\" src=\"https:\/\/www.anonymekoeche.net\/wp-content\/uploads\/boi-cavalo-kale.jpg\" alt=\"Boi Cavalo Kale\" width=\"600\" height=\"401\" srcset=\"https:\/\/www.anonymekoeche.net\/wp-content\/uploads\/boi-cavalo-kale.jpg 600w, https:\/\/www.anonymekoeche.net\/wp-content\/uploads\/boi-cavalo-kale-300x201.jpg 300w\" sizes=\"auto, (max-width: 600px) 100vw, 600px\" \/><\/a><\/p>\n<p>Dann\u00a0eine kleine Schale, in\u00a0der etwas mit\u00a0einem grau-beigen Schlick \u00fcberzogen ist.<\/p>\n<p><a href=\"https:\/\/www.anonymekoeche.net\/?attachment_id=7603\" rel=\"attachment wp-att-7603\"><img loading=\"lazy\" decoding=\"async\" class=\"alignnone size-full wp-image-7603\" src=\"https:\/\/www.anonymekoeche.net\/wp-content\/uploads\/boi-cavalo-linsen.jpg\" alt=\"Boi Cavalo Linsen\" width=\"600\" height=\"597\" srcset=\"https:\/\/www.anonymekoeche.net\/wp-content\/uploads\/boi-cavalo-linsen.jpg 600w, https:\/\/www.anonymekoeche.net\/wp-content\/uploads\/boi-cavalo-linsen-150x150.jpg 150w, https:\/\/www.anonymekoeche.net\/wp-content\/uploads\/boi-cavalo-linsen-300x300.jpg 300w\" sizes=\"auto, (max-width: 600px) 100vw, 600px\" \/><\/a><\/p>\n<p>Genau, verk\u00fcndet Joana, hier haben wir Blutwurst, Senf und in Shrimp-Jus gekochte Linsen. Bom apetite! Ah, jetzt wird\u2019s gut, denke ich. Aber der Blutwurst wurde die Seele aus dem Leib gerissen. Jesses, ein Vampir muss sie ausgesaugt haben. Sie ist trockener und br\u00f6seliger als ein Sabl\u00e9 aus Vasco da Gamas verschollener Keksdose. Keine Ahnung was da passiert ist.<\/p>\n<p>Der Schlick ist tats\u00e4chlich h\u00e4sslich. Die senfgebundene Shrimpsauce ist klebrig und schmeckt schlammig. Ich sehe direkt den belegten Grund des St\u00f6rbeckens im Zoo. Ich nehme einen weiteren L\u00f6ffel davon und dann noch einen. Ich will ergr\u00fcnden, was ich da esse. Will es herausschmecken. Begreifen. Keine gute Idee, denn jetzt habe ich ein gar h\u00e4ssliches Flashback. Das Mundgef\u00fchl erinnert mich an die grauslige Paste, mit der mir der Zahnarzt als Bub einen Gebissabdruck f\u00fcr meine Zahnspange gemacht hat. Ich versuche, mich mit einem geh\u00e4uften L\u00f6ffel Linsen zu retten. Sehr gut. Die sind immerhin perfekt gegart und haben einen tollen Geschmack. Eine gute Mischung aus nussiger H\u00fclsenfrucht und Krustentierbisque.<\/p>\n<p>Als n\u00e4chstes kommt ein cremiges Tomatenr\u00fchrei mit etwas Rogen.<\/p>\n<p><a href=\"https:\/\/www.anonymekoeche.net\/?attachment_id=7600\" rel=\"attachment wp-att-7600\"><img loading=\"lazy\" decoding=\"async\" class=\"alignnone size-full wp-image-7600\" src=\"https:\/\/www.anonymekoeche.net\/wp-content\/uploads\/boi-cavalo-seehecht.jpg\" alt=\"Boi Cavalo Seehecht\" width=\"600\" height=\"401\" srcset=\"https:\/\/www.anonymekoeche.net\/wp-content\/uploads\/boi-cavalo-seehecht.jpg 600w, https:\/\/www.anonymekoeche.net\/wp-content\/uploads\/boi-cavalo-seehecht-300x201.jpg 300w\" sizes=\"auto, (max-width: 600px) 100vw, 600px\" \/><\/a><\/p>\n<p>Gut, geht doch! Kreativ oder innovativ geht anders, aber hey, ich hab da keine Vorurteile. Der Seehecht ist auch: Okay. Mehr nicht. Aber dann die Brotsauce. Oje! Gleiche Konsistenz wie der Schlick von vorhin. Das gibt\u2019s doch nicht, was fabriziert der Typ da in der K\u00fcche? Und die Musik ist jetzt definitiv zu laut. Foo Fighters waren ja okay, aber jetzt ist irgend so ein verladener Woodstockgitarrist am Dauersolieren, unertr\u00e4glich.<\/p>\n<p>Ich halte mich mit dem vorz\u00fcglichen Golpe von Manuel Carvalho Martins aus dem Douro bei Laune. Ein frischer Wein, angenehm minaralisch, gut strukturiert, mit gr\u00fcnen Aromen von Apfel bis Limette.<\/p>\n<p>Es folgt der beste Gang des Abends. Ein mit Corn Flakes paniertes Lammkarree.<\/p>\n<p><a href=\"https:\/\/www.anonymekoeche.net\/?attachment_id=7602\" rel=\"attachment wp-att-7602\"><img loading=\"lazy\" decoding=\"async\" class=\"alignnone size-full wp-image-7602\" src=\"https:\/\/www.anonymekoeche.net\/wp-content\/uploads\/boi-cavalo-lamm.jpg\" alt=\"Boi Cavalo Lamm\" width=\"600\" height=\"620\" srcset=\"https:\/\/www.anonymekoeche.net\/wp-content\/uploads\/boi-cavalo-lamm.jpg 600w, https:\/\/www.anonymekoeche.net\/wp-content\/uploads\/boi-cavalo-lamm-290x300.jpg 290w\" sizes=\"auto, (max-width: 600px) 100vw, 600px\" \/><\/a><\/p>\n<p>Aussen knusprig innen zart. Warum Corn Flakes, frage ich mich. Ist das jetzt die besagte Neuinterpretation eines portugiesischen Klassikers? Es ist mir eigentlich egal. Oh, die Zitronengurken dazu sind lustig. Yamwurzel-Chips liegen auch auf dem Teller. Drei. Der Lammjus ist gelungen. Klassisch portugiesisch, sagt Joana, mit viel Knoblauch, Lorbeer und Rotwein. Mir gef\u00e4llt auch die persistente aromatische Sch\u00e4rfe, ich sch\u00e4tze mal: Langpfeffer.<\/p>\n<p>Vor dem Dessert gibt es einen Weichk\u00e4se und zwei gereifte Alentejo Hartk\u00e4se aus Schafsmilch. Mit typischem, s\u00fcsslichen Maisbrot, d\u00fcnnen Toastscheiben und Hausbrot. Nichts weltbewegendes.<\/p>\n<p><a href=\"https:\/\/www.anonymekoeche.net\/?attachment_id=7598\" rel=\"attachment wp-att-7598\"><img loading=\"lazy\" decoding=\"async\" class=\"alignnone size-full wp-image-7598\" src=\"https:\/\/www.anonymekoeche.net\/wp-content\/uploads\/boi-cavalo-cheese.jpg\" alt=\"Boi Cavalo Cheese\" width=\"600\" height=\"429\" srcset=\"https:\/\/www.anonymekoeche.net\/wp-content\/uploads\/boi-cavalo-cheese.jpg 600w, https:\/\/www.anonymekoeche.net\/wp-content\/uploads\/boi-cavalo-cheese-300x215.jpg 300w\" sizes=\"auto, (max-width: 600px) 100vw, 600px\" \/><\/a><\/p>\n<p>Als Nachspeise gibt es eine Schale mit (klebrigem) Mandel-Ei-Pudding das etwas gar viel Zimt abbekommen hat, angenehm salzigem K\u00fcrbiskern-Eis, zerbr\u00f6seltem Popcorn und getrockneten Quittenschrot, von dem leider wenig\u00a0zu schmecken ist.<\/p>\n<p><img loading=\"lazy\" decoding=\"async\" class=\"alignnone size-full wp-image-7599\" src=\"https:\/\/www.anonymekoeche.net\/wp-content\/uploads\/boi-cavalo-dessert.jpg\" alt=\"Boi Cavalo Dessert\" width=\"600\" height=\"549\" srcset=\"https:\/\/www.anonymekoeche.net\/wp-content\/uploads\/boi-cavalo-dessert.jpg 600w, https:\/\/www.anonymekoeche.net\/wp-content\/uploads\/boi-cavalo-dessert-300x275.jpg 300w\" sizes=\"auto, (max-width: 600px) 100vw, 600px\" \/><\/p>\n<p>Nennt es von mir aus innovativ, kreativ und \u00fcberraschend, wenn es euch wichtig ist. Aber gutes Essen ist das nicht. \u00dcberzeugendes Kochhandwerk schon gar nicht.<\/p>\n<p>Die Musik ist mittlerweile so laut, dass das Personal in freudiger Erwartung an das Feierabendbier ungehemmt mit dem Kopf zum Beat nickt. Kann ich dann bitte die Rechnung haben? H\u00e4? Die Rechnung. Was? A conta, por favor! Ah &#8230; okay!<\/p>\n<p>Auf dem Weg zur Toilette will sich der Souschef mit mir unterhalten. Er zeigt mit dem Daumen nach oben.<\/p>\n<p>\u2013 Alles okay? You enjoyed dinner?<br \/>\n\u2013 Das Lamm war gut. Tolle Sauce.<br \/>\n\u2013 Ja, super Sauce, nicht wahr? Portugiesischer Klassiker. Viel Knoblauch, Wein, Lorbeer.<br \/>\n\u2013 Die anderen G\u00e4nge haben mir weniger gut geschmeckt.<br \/>\n\u2013 Ah ja? Okay. Das ist normal, you know. In einem Men\u00fc kannst du nicht jedes Gericht auf demselben Niveau raushauen. Ein gewisses Up and Down ist normal.<br \/>\n\u2013 Ich fand die Shrimp- und Brotsauce etwas klebrig. Eher Unangenehm.<br \/>\n\u2013 Ja, klar. Das ist so. Ist ja eine Brotsauce. Brot enth\u00e4lt viel St\u00e4rke, you know. Wenn ich die Sauce blitze, dann wird die Sauce eben etwas, wie soll ich sagen &#8230;<br \/>\n\u2013 Klebrig?<br \/>\n\u2013 Nein, nicht klebrig. Es ist die St\u00e4rke vom Brot, die macht, dass du das Gef\u00fchl hast, es klebt.<br \/>\n\u2013 Ja, kenn ich. Wenn man Kartoffelp\u00fcree mixt statt luftig zu r\u00fchren, wird es auch klebrig &#8230;\u00a0Die Linsen waren auch sehr gut, woher kommen die, Portugal?<br \/>\n\u2013 Was? Was meinst du?<br \/>\n\u2013 Die Linsen hatten einen tollen Geschmack, sind das portugiesische oder was sind das f\u00fcr welche?<br \/>\n\u2013 Keine Ahnung, (dreht sich\u00a0zur K\u00f6chin) weisst du woher die Linsen kommen?<br \/>\n\u2013 Keine Ahnung.<br \/>\n\u2013 Nicht aus Portugal?<br \/>\n\u2013 Nein, ich glaube nicht. Ich weiss es nicht. Aber wir kochen sie in einen Shrimp-Jus, ziemlich genial. Ich r\u00f6ste zuerst die Schalen und dann mache ich einen klassischen Fond damit und reduziere das Ganze und dann kochen wir die Linsen darin.<br \/>\n\u2013 Toll. Danke. Viel Erfolg euch. Ciao.<\/p>\n<p>Danach habe ich versucht, einen Uber in die engen Gassen zu bestellen. Drei mal hat Jorge, dem Profilbild nach ein Rentner, versucht, den Weg zu uns zu finden. Minutenlang m\u00e4anderte sein Auto-Avatar auf meinem iPhonebildschirm herum. Aus acht Minuten Anfahrtsweg wurden sechs, dann acht, dann drei, dann wieder acht. Ich musste die Bestellung stornieren und ihn zwei weitere Male wegdr\u00fccken. Er wollte\u00a0die Fahrt unbedingt machen. Ich eher\u00a0nicht. Dann nahm Niculina die Fahrt auf. Ihr wisst schon, Niculina. Die, die noch beschissener f\u00e4hrt als Helmut Grokenberger. Dann wurde der Abend erst richtig lustig!<\/p>\n<p>Sohn fr\u00fchst\u00fcckt\u00a0gesalzene Marroni. Herrlich.<\/p>\n<p><a href=\"https:\/\/www.anonymekoeche.net\/?attachment_id=7616\" rel=\"attachment wp-att-7616\"><img loading=\"lazy\" decoding=\"async\" class=\"alignnone size-full wp-image-7616\" src=\"https:\/\/www.anonymekoeche.net\/wp-content\/uploads\/maronni.jpg\" alt=\"Maronni\" width=\"600\" height=\"462\" srcset=\"https:\/\/www.anonymekoeche.net\/wp-content\/uploads\/maronni.jpg 600w, https:\/\/www.anonymekoeche.net\/wp-content\/uploads\/maronni-300x231.jpg 300w\" sizes=\"auto, (max-width: 600px) 100vw, 600px\" \/><\/a><\/p>\n<p><a href=\"https:\/\/www.anonymekoeche.net\/?attachment_id=7619\" rel=\"attachment wp-att-7619\"><img loading=\"lazy\" decoding=\"async\" class=\"alignnone size-full wp-image-7619\" src=\"https:\/\/www.anonymekoeche.net\/wp-content\/uploads\/marroni.jpg\" alt=\"Marroni\" width=\"600\" height=\"708\" srcset=\"https:\/\/www.anonymekoeche.net\/wp-content\/uploads\/marroni.jpg 600w, https:\/\/www.anonymekoeche.net\/wp-content\/uploads\/marroni-254x300.jpg 254w\" sizes=\"auto, (max-width: 600px) 100vw, 600px\" \/><\/a><\/p>\n<p>Jos\u00e9 Avillez ist einer der herausragenden Spitzenk\u00f6che Portugals. Sein Gourmetrestaurant <a href=\"http:\/\/belcanto.pt\/en\/\" target=\"_blank\">Belcanto<\/a> in meinem Lieblingsviertel Chiado ist mit zwei Michelin-Sternen ausgezeichnet. Mittlerweile betreibt Avillez acht Restaurants im n\u00e4heren Umkreis \u2013 von der Pizzeria \u00fcber Bars und Bistrots bis zum Cantinho do Avillez, wo wir unseren besten Lunch hatten. Das zweigeteilte Lokal ist einfach, aber liebevoll eingerichtet. Mit typischem bunten Fliesenboden und sch\u00f6nen Holzm\u00f6beln.<\/p>\n<p>Die Karte ist \u00fcbersichtlich, mit eher einfachen, ansprechenden Gerichten, die aber mit meisterlicher Hand aufgewertet sind.\u00a0Das Hausbrot ist das beste, das wir in der Stadt bekommen haben. Dazu wird eine sehr aromatische Tomatencreme gereicht, kleine sehr schmackhafte marinierte Oliven und richtig gute Tr\u00fcffelbutter.\u00a0Wir bestellen rohe marinierte Jakobsmuscheln mit Mayo und Avocado und sind uns einig \u2013 nie hatten wir so frische, zarte und geschmackvolle Jakobsmuscheln.<\/p>\n<p><a href=\"https:\/\/www.anonymekoeche.net\/?attachment_id=7612\" rel=\"attachment wp-att-7612\"><img loading=\"lazy\" decoding=\"async\" class=\"alignnone size-full wp-image-7612\" src=\"https:\/\/www.anonymekoeche.net\/wp-content\/uploads\/jakobsmuscheln.jpg\" alt=\"Jakobsmuscheln\" width=\"600\" height=\"614\" srcset=\"https:\/\/www.anonymekoeche.net\/wp-content\/uploads\/jakobsmuscheln.jpg 600w, https:\/\/www.anonymekoeche.net\/wp-content\/uploads\/jakobsmuscheln-293x300.jpg 293w\" sizes=\"auto, (max-width: 600px) 100vw, 600px\" \/><\/a><\/p>\n<p>Auch das Tuna Tartar mit ausgewogen abgeschmeckten Asian Flavours reisst uns mit ausserordentlichen Produktqualit\u00e4t mit.<\/p>\n<p><a href=\"https:\/\/www.anonymekoeche.net\/?attachment_id=7629\" rel=\"attachment wp-att-7629\"><img loading=\"lazy\" decoding=\"async\" class=\"alignnone size-full wp-image-7629\" src=\"https:\/\/www.anonymekoeche.net\/wp-content\/uploads\/Thunfisch_s.jpg\" alt=\"Thunfisch Tatar\" width=\"600\" height=\"416\" srcset=\"https:\/\/www.anonymekoeche.net\/wp-content\/uploads\/Thunfisch_s.jpg 600w, https:\/\/www.anonymekoeche.net\/wp-content\/uploads\/Thunfisch_s-300x208.jpg 300w\" sizes=\"auto, (max-width: 600px) 100vw, 600px\" \/><\/a><\/p>\n<p>Das ist genau meine Kragenweite \u2013 zeitgem\u00e4sse portugiesische Produktk\u00fcche, unkompliziert, aber sehr sorgf\u00e4ltig zubereitet. Wie etwa dieses schlichte\u00a0Gericht: Gefl\u00fcgelleber. Serviert im Pf\u00e4nnchen. Butterzart und mit einer unwiderstehlichen Portwein-Zwiebelmarmelade.<\/p>\n<p><a href=\"https:\/\/www.anonymekoeche.net\/?attachment_id=7613\" rel=\"attachment wp-att-7613\"><img loading=\"lazy\" decoding=\"async\" class=\"alignnone size-full wp-image-7613\" src=\"https:\/\/www.anonymekoeche.net\/wp-content\/uploads\/leber.jpg\" alt=\"Leber\" width=\"600\" height=\"742\" srcset=\"https:\/\/www.anonymekoeche.net\/wp-content\/uploads\/leber.jpg 600w, https:\/\/www.anonymekoeche.net\/wp-content\/uploads\/leber-243x300.jpg 243w\" sizes=\"auto, (max-width: 600px) 100vw, 600px\" \/><\/a><\/p>\n<p>F\u00fcr heitere Stimmung sorgt auch der spritzige Inventum aus Alentejo von Paulo Laureano, mit jdem Schluck zwinkert der Weisswein \u2013 let\u2019s go for another one!<\/p>\n<p>Die Fischsuppe wird etwas verspielt serviert. Die Cro\u00fbtons mit einem Tupfer Rouille warten im Teller, bis der Kellner die dicke Suppe hineingiesst. Sie ist wunderbar samtig und pikant, duftet nach Paprika und erfreut mit saftigen Weissfischst\u00fccken.<\/p>\n<p><a href=\"https:\/\/www.anonymekoeche.net\/?attachment_id=7609\" rel=\"attachment wp-att-7609\"><img loading=\"lazy\" decoding=\"async\" class=\"alignnone size-full wp-image-7609\" src=\"https:\/\/www.anonymekoeche.net\/wp-content\/uploads\/fischsuppe.jpg\" alt=\"Fischsuppe\" width=\"600\" height=\"681\" srcset=\"https:\/\/www.anonymekoeche.net\/wp-content\/uploads\/fischsuppe.jpg 600w, https:\/\/www.anonymekoeche.net\/wp-content\/uploads\/fischsuppe-264x300.jpg 264w\" sizes=\"auto, (max-width: 600px) 100vw, 600px\" \/><\/a><\/p>\n<p>Der Junior geniesst sein Steaksandwich mit hausgemachtem Br\u00f6tchen. Kein \u00fcberkandidelter signature Burger. Richtiges\u00a0Br\u00f6tchen, saftiges Steak drin, Bratensaft, Zwiebel, fertig.<\/p>\n<p>Die bestellten Desserts gingen leider vergessen. Die H\u00e4lfte der freundlichen jungen Service-Crew hat den Schurz bereits abgelegt und ist verschwunden.<\/p>\n<p>Dabei haben wir uns so sehr auf das \u00ablife changing dessert\u00bb Hazelnut<sup>3<\/sup> gefreut. Der Chef de Service ist best\u00fcrzt und versichert uns, dass er den fehlbaren Kollegen tadeln wird. Er holt ihn am Schlafittchen und l\u00e4sst ihn bei uns um Entschuldigung bitten. \u00abGeschlagen habe ich ihn schon\u00bb, versichert er. \u00abFalsch, ich wollte ihm eine reinhauen!\u00bb. Ein Dessert mit vier L\u00f6ffeln wird dann doch noch serviert und geht aufs Haus. Es besteht aus luftigem Haselnussschaum, halb gefrorenem Haselnuss-Parfait und frisch gerasplten Haseln\u00fcssen.<\/p>\n<p><a href=\"https:\/\/www.anonymekoeche.net\/?attachment_id=7611\" rel=\"attachment wp-att-7611\"><img loading=\"lazy\" decoding=\"async\" class=\"alignnone size-full wp-image-7611\" src=\"https:\/\/www.anonymekoeche.net\/wp-content\/uploads\/hazelnut3.jpg\" alt=\"Hazelnut3\" width=\"600\" height=\"739\" srcset=\"https:\/\/www.anonymekoeche.net\/wp-content\/uploads\/hazelnut3.jpg 600w, https:\/\/www.anonymekoeche.net\/wp-content\/uploads\/hazelnut3-244x300.jpg 244w\" sizes=\"auto, (max-width: 600px) 100vw, 600px\" \/><\/a><\/p>\n<p>Sehr gut, aber \u00ablife changing\u00bb ist dann doch etwas hochgestapelt.<\/p>\n<p>Abends essen wir ein paar gut gemachte Kleinigkeiten\u00a0in der Tapas Bar <a href=\"http:\/\/www.restaurantetagide.com\/wtbespaco-en\/\" target=\"_blank\">T\u00e1gide<\/a>,\u00a0einem Ableger des gleichnamigen Gourmetrestaurants mit pr\u00e4chtiger\u00a0Aussicht auf Lissabon.<\/p>\n<p><img loading=\"lazy\" decoding=\"async\" class=\"alignnone size-full wp-image-7620\" src=\"https:\/\/www.anonymekoeche.net\/wp-content\/uploads\/oliven.jpg\" alt=\"Oliven\" width=\"600\" height=\"644\" srcset=\"https:\/\/www.anonymekoeche.net\/wp-content\/uploads\/oliven.jpg 600w, https:\/\/www.anonymekoeche.net\/wp-content\/uploads\/oliven-280x300.jpg 280w\" sizes=\"auto, (max-width: 600px) 100vw, 600px\" \/><\/p>\n<p><a href=\"https:\/\/www.anonymekoeche.net\/?attachment_id=7628\" rel=\"attachment wp-att-7628\"><img loading=\"lazy\" decoding=\"async\" class=\"alignnone size-full wp-image-7628\" src=\"https:\/\/www.anonymekoeche.net\/wp-content\/uploads\/tagide.jpg\" alt=\"Tagide\" width=\"600\" height=\"736\" srcset=\"https:\/\/www.anonymekoeche.net\/wp-content\/uploads\/tagide.jpg 600w, https:\/\/www.anonymekoeche.net\/wp-content\/uploads\/tagide-245x300.jpg 245w\" sizes=\"auto, (max-width: 600px) 100vw, 600px\" \/><\/a><\/p>\n<p>Einen guten Wein dazu, ged\u00e4mpfter Jazz, perfekt.<\/p>\n<p><a href=\"https:\/\/www.anonymekoeche.net\/?attachment_id=7626\" rel=\"attachment wp-att-7626\"><img loading=\"lazy\" decoding=\"async\" class=\"alignnone size-full wp-image-7626\" src=\"https:\/\/www.anonymekoeche.net\/wp-content\/uploads\/pulpo.jpg\" alt=\"Pulpo\" width=\"600\" height=\"731\" srcset=\"https:\/\/www.anonymekoeche.net\/wp-content\/uploads\/pulpo.jpg 600w, https:\/\/www.anonymekoeche.net\/wp-content\/uploads\/pulpo-246x300.jpg 246w\" sizes=\"auto, (max-width: 600px) 100vw, 600px\" \/><\/a><\/p>\n<p>Kaum da, hat sich auch schon ein Ritual eingeschlichen. Immer, wenn wir sp\u00e4t nachts nach hause schlendern, machen wir bei <a href=\"http:\/\/www.amorino.com\/pt\/index.html\" target=\"_blank\">Amorino<\/a> Halt und holen uns als Bettm\u00fcmpfeli ein paar mit Gelato gef\u00fcllte Macarons. Che buoni!<\/p>\n<p><a href=\"https:\/\/www.anonymekoeche.net\/?attachment_id=7597\" rel=\"attachment wp-att-7597\"><img loading=\"lazy\" decoding=\"async\" class=\"alignnone size-full wp-image-7597\" src=\"https:\/\/www.anonymekoeche.net\/wp-content\/uploads\/amorino-macarons.jpg\" alt=\"Amorino Macarons\" width=\"600\" height=\"647\" srcset=\"https:\/\/www.anonymekoeche.net\/wp-content\/uploads\/amorino-macarons.jpg 600w, https:\/\/www.anonymekoeche.net\/wp-content\/uploads\/amorino-macarons-278x300.jpg 278w\" sizes=\"auto, (max-width: 600px) 100vw, 600px\" \/><\/a><\/p>\n<p>Tags darauf geht es endlich zur <a href=\"http:\/\/www.cervejariaramiro.pt\" target=\"_blank\">Cervejaria Ramiro<\/a>! Auf diese Institution habe ich mich am meisten gefreut. Alle, die wir fragen, sind sich einig: Bessere Meeresfr\u00fcchte bekommt man nicht in Lissabon. Bisschen teuer, aber unerreicht gut. Schuld an meiner Vorfreude ist aber auch Anthony Bourdain, der mich in dieser Episode <a href=\"https:\/\/vimeo.com\/41694966\" target=\"_blank\">No Reservarions<\/a> scharf darauf gemacht hat.<\/p>\n<p>No reservations ist auch die Policy von Ramiro. Man kann nicht reservieren und muss sich wohl oder \u00fcbel in der langen Warteschlange vor dem Restaurant einreihen. Aber es geht flott voran. Das Tempo mit welchem Tische ger\u00e4umt und frisch aufgedeckt werden ist beeindruckend. Ein Ameisenbau.<\/p>\n<p>Dieser Schuppen ist nichts f\u00fcr Weicheier! Es ist laut, eng, die Kellner sprechen kein Englisch und sie servieren plattenweise Essen, als m\u00fcssten sie eine Saalwette\u00a0gewinnen. Und was sie servieren! Es gibt nur Meeresfr\u00fcchte, also Muscheln und Krustentiere, kein Fisch, keine Beilagen, nur Pata Negra Schinken oder ein Steaksandwich mit dem das Mahl bizarrerweise von Einheimischen beendet wird. Die Seafood-Qualit\u00e4t wissen auch die Horden Asiaten zu sch\u00e4tzen, die hier \u00fcber den Tischen h\u00e4ngen und schl\u00fcrfen und schmatzen als w\u00e4re es ihre Henkersmahlzeit. Ab und zu h\u00e4mmern sie mit einem weissen Kunststoffhammer auf einer Hummer- oder Krebsschere rum und zutzeln z\u00fcgellos\u00a0weiter.<\/p>\n<p>Die Preise auf der Karte (ein iPad mit Fotos und Naviagtion in mehreren Sprachen) sind pro Kilogramm angegeben und \u2013 je nach Fang \u2013 tagesabh\u00e4ngig. Also aufgepasst, die Rechnung kann hier ziemlich schnell ziemlich gesalzen werden. Die roten Riesengarnelen Carabinero m\u00f6chte ich mir aber nicht entgehen lassen.<\/p>\n<p><a href=\"https:\/\/www.anonymekoeche.net\/?attachment_id=7646\" rel=\"attachment wp-att-7646\"><img loading=\"lazy\" decoding=\"async\" class=\"alignnone size-full wp-image-7646\" src=\"https:\/\/www.anonymekoeche.net\/wp-content\/uploads\/carabineros-ramiro.jpg\" alt=\"Carabineros Ramiro\" width=\"600\" height=\"450\" srcset=\"https:\/\/www.anonymekoeche.net\/wp-content\/uploads\/carabineros-ramiro.jpg 600w, https:\/\/www.anonymekoeche.net\/wp-content\/uploads\/carabineros-ramiro-300x225.jpg 300w\" sizes=\"auto, (max-width: 600px) 100vw, 600px\" \/><\/a><\/p>\n<p>Kilopreis 79 Euro. Aber der Geschmack und die Textur \u2013 Wahnsinn! Eine bessere Garnele hatte ich noch nie. S\u00fcss, salzig, fleischig, buttrig, g\u00f6ttlich. Ich machs wie Bourdain, dr\u00fccke den Kopf aus, der Brei mischt sich mit dem Knoblauch\u00f6l auf dem Teller, ich tunke alles mit dem ger\u00f6steten Hausbrot auf. Mir wird spontan\u00a0schwindlig so gut schmeckt das. Und ich h\u00f6re mich selbst Dinge sagen wie: \u00abGopftammi! Scheisse ist das gut!\u00bb erschrecke kurz\u00a0und kann mich zum Gl\u00fcck wieder fangen.<\/p>\n<p>Es folgen Meerzikaden, schlichte Venusmischeln, Taschenkrebse, kleine, mittlere, gr\u00f6ssere Crevetten, mit und ohne Schalen, ged\u00e4mpft, gegrillt und in Oliven\u00f6l gebraten.<\/p>\n<p><a href=\"https:\/\/www.anonymekoeche.net\/?attachment_id=7669\" rel=\"attachment wp-att-7669\"><img loading=\"lazy\" decoding=\"async\" class=\"alignnone size-full wp-image-7669\" src=\"https:\/\/www.anonymekoeche.net\/wp-content\/uploads\/Ramiro-Schere_s.jpg\" alt=\"Ramiro Taschenkrebs\" width=\"600\" height=\"698\" srcset=\"https:\/\/www.anonymekoeche.net\/wp-content\/uploads\/Ramiro-Schere_s.jpg 600w, https:\/\/www.anonymekoeche.net\/wp-content\/uploads\/Ramiro-Schere_s-258x300.jpg 258w\" sizes=\"auto, (max-width: 600px) 100vw, 600px\" \/><\/a><\/p>\n<p>Dazu bechern wir Becher um Becher Bier. Es ist eine Riesensause.<\/p>\n<p><a href=\"https:\/\/www.anonymekoeche.net\/?attachment_id=7670\" rel=\"attachment wp-att-7670\"><img loading=\"lazy\" decoding=\"async\" class=\"alignnone size-full wp-image-7670\" src=\"https:\/\/www.anonymekoeche.net\/wp-content\/uploads\/ramiro-taschenkrebs.jpg\" alt=\"Ramiro Taschenkrebs\" width=\"600\" height=\"654\" srcset=\"https:\/\/www.anonymekoeche.net\/wp-content\/uploads\/ramiro-taschenkrebs.jpg 600w, https:\/\/www.anonymekoeche.net\/wp-content\/uploads\/ramiro-taschenkrebs-275x300.jpg 275w\" sizes=\"auto, (max-width: 600px) 100vw, 600px\" \/><\/a><\/p>\n<p>Kaum f\u00fcllt sich der Teller mit leeren Schalen, kommt ein Kellner und wechselt ihn gegen einen frischen Teller aus.<\/p>\n<p><a href=\"https:\/\/www.anonymekoeche.net\/?attachment_id=7671\" rel=\"attachment wp-att-7671\"><img loading=\"lazy\" decoding=\"async\" class=\"alignnone size-full wp-image-7671\" src=\"https:\/\/www.anonymekoeche.net\/wp-content\/uploads\/ramiro-garnelen.jpg\" alt=\"Ramiro Garnelen\" width=\"600\" height=\"712\" srcset=\"https:\/\/www.anonymekoeche.net\/wp-content\/uploads\/ramiro-garnelen.jpg 600w, https:\/\/www.anonymekoeche.net\/wp-content\/uploads\/ramiro-garnelen-253x300.jpg 253w\" sizes=\"auto, (max-width: 600px) 100vw, 600px\" \/><\/a><\/p>\n<p>Wir machen es den anderen G\u00e4sten nach und gehen immer wieder zu dem Waschbecken mitten im Restaurant, um unser wichtigstes Besteck zu reinigen: Unsere Finger! Gl\u00fccklich und satt spuckt uns Ramiro wieder auf die dicht befahrene Avenida \u2013 wie passend \u2013 Admiral Carlos C\u00e2ndido dos Reis.<\/p>\n<p>Wir lassen uns zur <a href=\"http:\/\/www.lxfactory.com\/en\/welcome\/\" target=\"_blank\">LX Factory<\/a>\u00a0fahren. In einem ausgedienten Industrie-Areal unter der Br\u00fccke des 25. April reihen sich Ateliers, Shops und Restaurants aneinander. Muss man gesehen haben, sagen alle. Kann man sich schenken, sage ich. Ich h\u00e4tte nie gedacht, dass mir Kreativit\u00e4t so auf den Keks gehen kann. Tut sie aber, wenn sie so gek\u00fcnstelt ist. Dieses pseudo-hippe Posen, diese Neo Vintage Scheisse, dieses artsy-fartsy-edgy Getue nervt. Wie diese Inspirational Quotes, die an jede Wand gesprayt, auf jeder Schiefertafel und dort sogar auf Poster, Karten und Kaffeetassen zu kaufen sind wie \u00abLife isn\u2019t about finding yourself. Life is about creating yourself.\u00bb Vielleicht liegt es auch daran, dass wir vom v\u00f6llig unblasierten Ramiro kommen. Aber mir ist nicht nach warmer Luft.<\/p>\n<p>Lieber fahre ich dahin, wo man wirklich handfestes Handwerk bekommt, zu <a href=\"http:\/\/caulinoceramics.com\" target=\"_blank\">Caulino<\/a>\u00a0an die Rua de S. Mamede ao Caldas, 28 A. Wer sich in diesem Keramikatelier nicht Hals \u00fcber Kopf in die Teller, Schalen, Vasen und Objekte verliebt, dem ist nicht mehr zu helfen. Viele Restaurants in Lissabon, wie die von Spitzenkoch Jos\u00e9 Avillez, lassen hier kunstvolle Keramik anfertigen. Leider ist das Verkaufsangebot im Laden durch die gute Auftragsauslastung\u00a0arg eingeschr\u00e4nkt.<\/p>\n<p><a href=\"https:\/\/www.anonymekoeche.net\/?attachment_id=7605\" rel=\"attachment wp-att-7605\"><img loading=\"lazy\" decoding=\"async\" class=\"alignnone size-full wp-image-7605\" src=\"https:\/\/www.anonymekoeche.net\/wp-content\/uploads\/caulino-lisboa.jpg\" alt=\"Caulino Lisboa\" width=\"600\" height=\"401\" srcset=\"https:\/\/www.anonymekoeche.net\/wp-content\/uploads\/caulino-lisboa.jpg 600w, https:\/\/www.anonymekoeche.net\/wp-content\/uploads\/caulino-lisboa-300x201.jpg 300w\" sizes=\"auto, (max-width: 600px) 100vw, 600px\" \/><\/a><\/p>\n<p>F\u00fcr einen Tag am Meer fahren wir mit dem Zug nach Cascais, etwa 30 Kilometer von Lissabon. Der kurzweilige Trip entlang der K\u00fcste f\u00fchrt uns in einen h\u00fcbschen Fischer- und Ferienort.<\/p>\n<p>Unser Ziel ist das <a href=\"http:\/\/mardoinferno.pt\/en\" target=\"_blank\">Mar do Inferno<\/a>\u00a0ein klassisches Fischrestaurant an der Felsklippe. Vom Bahnhof aus spazieren wir uns in 20 Minuten einen gesunden Appetit an. Auf dem Weg dorthin l\u00e4sst man das wuselige Zentrum des St\u00e4dtchens mit etwas gar vielen Kitsch-L\u00e4den hinter sich. Vorbei an nicht gerade wenigen Restaurants, vor die man gerne ein grosses Warnschild stellen w\u00fcrde. Aber es sitzen bereits fr\u00f6hlich grinsende G\u00e4ste drin, die ihr kulinarisches Gl\u00fcck anscheinend in telefonbuchdicken, plastifizierten Speisekarten finden.<\/p>\n<p>Im Mar do Inferno mache ich mich\u00a0\u2013 zum ersten Mal \u2013 \u00fcber Perc\u00e9bes her. Yay!<\/p>\n<p><a href=\"https:\/\/www.anonymekoeche.net\/?attachment_id=7652\" rel=\"attachment wp-att-7652\"><img loading=\"lazy\" decoding=\"async\" class=\"alignnone size-full wp-image-7652\" src=\"https:\/\/www.anonymekoeche.net\/wp-content\/uploads\/percebes-entenmuscheln.jpg\" alt=\"Percebes Entenmuscheln\" width=\"600\" height=\"650\" srcset=\"https:\/\/www.anonymekoeche.net\/wp-content\/uploads\/percebes-entenmuscheln.jpg 600w, https:\/\/www.anonymekoeche.net\/wp-content\/uploads\/percebes-entenmuscheln-277x300.jpg 277w\" sizes=\"auto, (max-width: 600px) 100vw, 600px\" \/><\/a><\/p>\n<p>Die Entenmuscheln, die eigentlich Rankenfusskrebse sind, sehen bizarr bis befremdlich aus. Ich bin aufgeregt. Und dr\u00fccke unge\u00fcbt darauf herum, dass es nur so spritzt. Ich muss den Kellner um Anweisung bitten. Am Nebentisch lachen sie sich schon schief. Das\u00a0\u00d6ffnen ist genial einfach, wenn man weiss wie. Man h\u00e4lt das Ding an dieser furchteinfl\u00f6ssenden\u00a0Dinosaurierklaue und oben an der ledrigen Gamasche, dann reisst man es auf wie ein Bonbonpapier.<\/p>\n<p><a href=\"https:\/\/www.anonymekoeche.net\/?attachment_id=7651\" rel=\"attachment wp-att-7651\"><img loading=\"lazy\" decoding=\"async\" class=\"alignnone size-full wp-image-7651\" src=\"https:\/\/www.anonymekoeche.net\/wp-content\/uploads\/percebes-entenmuscheln-hand.jpg\" alt=\"Percebes Entenmuscheln Hand\" width=\"600\" height=\"796\" srcset=\"https:\/\/www.anonymekoeche.net\/wp-content\/uploads\/percebes-entenmuscheln-hand.jpg 600w, https:\/\/www.anonymekoeche.net\/wp-content\/uploads\/percebes-entenmuscheln-hand-226x300.jpg 226w\" sizes=\"auto, (max-width: 600px) 100vw, 600px\" \/><\/a><\/p>\n<p>Darunter kommt ein, fleischiger Pimmel\u00a0zum Vorschein (nein, Claudio, das\u00a0nennt man\u00a0Stiel) den man, schwupps! in einem Bissen schnappen kann und dann schmeckt man: reiner Ozean! Felsen! Algen! Einzigartig. Unbedingt probieren. Man findet sie haupts\u00e4chlich im Atlantik vor der spanischen und portugiesischen K\u00fcste und im Mittelmeer. Da sie sich an Felsen festklammern ist die Ernte nicht nur m\u00fchselig sondern wegen der Brandung auch \u00e4usserst gef\u00e4hrlich.<\/p>\n<p>Die Portionen der Hauptspeisen sind riesig. Ich begn\u00fcge mich deshalb mit Bacalhau \u2013 dem Nationalgericht Portugals. Wo, wenn nicht hier, diesen Klassiker zum ersten Mal bestellen, denke ich mir und bereue es nicht. Der Fisch ist festfleischig und aromatisch, gleichzeitig saftig und zart. Die einfachen Beilagen aus dem Eintopf sind ordentlich weisse Zwiebeln, Kartoffeln und Oliven. Alles in einem leichten, w\u00fcrzigen Oliven\u00f6l-Weissweinsud. Grossartig.<\/p>\n<p><a href=\"https:\/\/www.anonymekoeche.net\/?attachment_id=7650\" rel=\"attachment wp-att-7650\"><img loading=\"lazy\" decoding=\"async\" class=\"alignnone size-full wp-image-7650\" src=\"https:\/\/www.anonymekoeche.net\/wp-content\/uploads\/bacalhau.jpg\" alt=\"Bacalhau\" width=\"600\" height=\"401\" srcset=\"https:\/\/www.anonymekoeche.net\/wp-content\/uploads\/bacalhau.jpg 600w, https:\/\/www.anonymekoeche.net\/wp-content\/uploads\/bacalhau-300x201.jpg 300w\" sizes=\"auto, (max-width: 600px) 100vw, 600px\" \/><\/a><\/p>\n<p>Abends besuchen wir ein weiteres Doppel-Restaurant von Jos\u00e9 Avillez. Vorne die Taberna mit einfachen Tapasgerichten und Sharing Dishes, hinten das etwas elegantere <a href=\"http:\/\/www.joseavillez.pt\/en\/bairro-do-avillez\" target=\"_blank\">Bairro do Avillez<\/a> in einem etwas \u00fcberdekorierten Atrium.<\/p>\n<p>Bis ein Tisch in der Taberna frei wird, trinken\u00a0wir weissen Port mit Tonic, mein neu entdecktes Lieblingsgetr\u00e4nk. Erinnert an Gin Tonic, hat aber weniger PS. Eignet sich \u00fcber den Aperitiv hinaus auch als Speisebegleiter zu mancher herzhaften Vorspeise.<\/p>\n<p><a href=\"https:\/\/www.anonymekoeche.net\/?attachment_id=7656\" rel=\"attachment wp-att-7656\"><img loading=\"lazy\" decoding=\"async\" class=\"alignnone size-full wp-image-7656\" src=\"https:\/\/www.anonymekoeche.net\/wp-content\/uploads\/porto-tonic.jpg\" alt=\"Porto Tonic\" width=\"600\" height=\"692\" srcset=\"https:\/\/www.anonymekoeche.net\/wp-content\/uploads\/porto-tonic.jpg 600w, https:\/\/www.anonymekoeche.net\/wp-content\/uploads\/porto-tonic-260x300.jpg 260w\" sizes=\"auto, (max-width: 600px) 100vw, 600px\" \/><\/a><\/p>\n<p>Hier gibt es auch Carabineros, wie im Ramiro. Im elganten Bairro kostet einer 36 Euro, in der Taberna 16. Ich habe aber Lust auf etwas Deftiges und bestelle zu meinem Vinho verde spicy Schweineschwarten Popcorn.<\/p>\n<p><a href=\"https:\/\/www.anonymekoeche.net\/?attachment_id=7661\" rel=\"attachment wp-att-7661\"><img loading=\"lazy\" decoding=\"async\" class=\"alignnone size-full wp-image-7661\" src=\"https:\/\/www.anonymekoeche.net\/wp-content\/uploads\/taberna-pop-corn.jpg\" alt=\"Taberna Pop Corn\" width=\"600\" height=\"620\" srcset=\"https:\/\/www.anonymekoeche.net\/wp-content\/uploads\/taberna-pop-corn.jpg 600w, https:\/\/www.anonymekoeche.net\/wp-content\/uploads\/taberna-pop-corn-290x300.jpg 290w\" sizes=\"auto, (max-width: 600px) 100vw, 600px\" \/><\/a><\/p>\n<p>Das ist der Renner! Schmeckt tats\u00e4chlich wie Popcorn und dar\u00fcber hinaus noch wie knuspriges, w\u00fcrziges Spanferkel. Ph\u00e4nomenal. Dazu ordern wir Ib\u00e9ricoschinken, Rindfleischkroketten, Alfacinhas (ein Lattichblatt mit knusprig gebackenem Kabeljau und Knoblauch-Tomatensauce und als Variante grilliertes Schwein, w\u00fcrzig, fettig, knusprig mit Pickels und Koriander) sowie Beefsteak-Sandwiches.<\/p>\n<p>Ja, vor so einer Kachelwand mit schweinischem Stilleben, unter einem Himmel voller Caulino Porzellangem\u00fcse, einer offenen K\u00fcche umrahmt von Schinken, sagen wir \u00abadeus Lisboa\u00bb \u2013 auf Widersehen, auf ein N\u00e4chstes!<\/p>\n<p>Auf der Fressliste stehen dann diese weiteren Restaurants:<\/p>\n<p><a href=\"http:\/\/www.restaurante100maneiras.com\" target=\"_blank\">100 Maneiras<\/a><\/p>\n<p><a href=\"https:\/\/www.tripadvisor.ch\/Restaurant_Review-g189158-d2249904-Reviews-Pharmacia-Lisbon_Lisbon_District_Central_Portugal.html\" target=\"_blank\">Pharm\u00e1cia<\/a><\/p>\n<p><a href=\"http:\/\/www.cervejariatrindade.pt\" target=\"_blank\">Cervejaria Trindade<\/a><\/p>\n<p><a href=\"https:\/\/www.tripadvisor.ch\/Restaurant_Review-g189158-d3384492-Reviews-Taberna_da_Rua_das_Flores-Lisbon_Lisbon_District_Central_Portugal.html\" target=\"_blank\">Taberna da Rua das Flores\u00a0\u00a0\u00a0<\/a><\/p>\n<p><a href=\"https:\/\/www.facebook.com\/ACevicheriaChefKiko\/\" target=\"_blank\">A Cevicheria<\/a><\/p>\n<p><a href=\"http:\/\/www.almalisboa.pt\/en\" target=\"_blank\">Alma<\/a><\/p>\n<!-- AddThis Advanced Settings generic via filter on the_content --><!-- AddThis Share Buttons generic via filter on the_content -->","protected":false},"excerpt":{"rendered":"<p>Vor dem Abflug nach Lissabon lese ich von randalierenden Taxifahrern, die gestern Nacht in Basel auf Uber-Fahrer losgingen. Die Polizei verhinderte, dass Baseballschl\u00e4ger auf Windschutz- oder Kniescheiben von Uberfahrern landeten. Taxi-Trottel. Die nehmen euch die Kunden weg? Mimimi! Zeit, euer Businessmodell zu \u00fcberdenken. Auf andere losgehen, weil sie den besseren Service g\u00fcnstiger anbieten ist: Keine [&hellip;]<!-- AddThis Advanced Settings generic via filter on wp_trim_excerpt --><!-- AddThis Share Buttons generic via filter on wp_trim_excerpt --><\/p>\n","protected":false},"author":3,"featured_media":0,"comment_status":"open","ping_status":"open","sticky":false,"template":"","format":"standard","meta":{"footnotes":""},"categories":[1,3],"tags":[946,945,944,949,942,941,939,262,948,947,943,940,87,635],"class_list":["post-7590","post","type-post","status-publish","format-standard","hentry","category-allgemein","category-gegessen","tag-bacalhau","tag-boi-cavalo","tag-cantinho-do-avillez","tag-cervejaria-ramiro","tag-entenmuscheln","tag-jose-avillez","tag-lissabon","tag-meeresfruchte","tag-pasteis-de-belem","tag-pasteis-de-nata","tag-percebes","tag-portugal","tag-restaurant","tag-seafood"],"_links":{"self":[{"href":"https:\/\/www.anonymekoeche.net\/index.php?rest_route=\/wp\/v2\/posts\/7590","targetHints":{"allow":["GET"]}}],"collection":[{"href":"https:\/\/www.anonymekoeche.net\/index.php?rest_route=\/wp\/v2\/posts"}],"about":[{"href":"https:\/\/www.anonymekoeche.net\/index.php?rest_route=\/wp\/v2\/types\/post"}],"author":[{"embeddable":true,"href":"https:\/\/www.anonymekoeche.net\/index.php?rest_route=\/wp\/v2\/users\/3"}],"replies":[{"embeddable":true,"href":"https:\/\/www.anonymekoeche.net\/index.php?rest_route=%2Fwp%2Fv2%2Fcomments&post=7590"}],"version-history":[{"count":54,"href":"https:\/\/www.anonymekoeche.net\/index.php?rest_route=\/wp\/v2\/posts\/7590\/revisions"}],"predecessor-version":[{"id":7700,"href":"https:\/\/www.anonymekoeche.net\/index.php?rest_route=\/wp\/v2\/posts\/7590\/revisions\/7700"}],"wp:attachment":[{"href":"https:\/\/www.anonymekoeche.net\/index.php?rest_route=%2Fwp%2Fv2%2Fmedia&parent=7590"}],"wp:term":[{"taxonomy":"category","embeddable":true,"href":"https:\/\/www.anonymekoeche.net\/index.php?rest_route=%2Fwp%2Fv2%2Fcategories&post=7590"},{"taxonomy":"post_tag","embeddable":true,"href":"https:\/\/www.anonymekoeche.net\/index.php?rest_route=%2Fwp%2Fv2%2Ftags&post=7590"}],"curies":[{"name":"wp","href":"https:\/\/api.w.org\/{rel}","templated":true}]}}