{"id":7702,"date":"2017-03-19T00:41:51","date_gmt":"2017-03-18T23:41:51","guid":{"rendered":"http:\/\/www.anonymekoeche.net\/?p=7702"},"modified":"2017-03-19T10:48:11","modified_gmt":"2017-03-19T09:48:11","slug":"firenze-for-foodlovers","status":"publish","type":"post","link":"https:\/\/www.anonymekoeche.net\/?p=7702","title":{"rendered":"Firenze for Foodlovers."},"content":{"rendered":"<p><img loading=\"lazy\" decoding=\"async\" class=\"alignnone size-full wp-image-7737\" src=\"https:\/\/www.anonymekoeche.net\/wp-content\/uploads\/taste-stazione-leopolda_s.jpg\" alt=\"\" width=\"600\" height=\"400\" srcset=\"https:\/\/www.anonymekoeche.net\/wp-content\/uploads\/taste-stazione-leopolda_s.jpg 600w, https:\/\/www.anonymekoeche.net\/wp-content\/uploads\/taste-stazione-leopolda_s-300x200.jpg 300w\" sizes=\"auto, (max-width: 600px) 100vw, 600px\" \/><\/p>\n<p>Schon mal etwas von Trombolotto geh\u00f6rt? Oder von Spaccasassi? Jemals Ventricina probiert? Oder kandierte Chinotto-Bitterorangen gegessen? Diese und hunderte weitere Spezialit\u00e4ten aus allen Regionen Italiens gab es an der 12.\u00a0<a href=\"http:\/\/www.pittimmagine.com\/en\/corporate\/fairs\/taste.html\" target=\"_blank\">PITTI TASTE<\/a>\u00a0in Florenz zu entdecken und zu degustieren.<\/p>\n<p>Ich habe mich\u00a0durch die faszinierende Foodmesse geschlemmt und mich\u00a0vom fr\u00fchlingshaften Charme der Stadt verf\u00fchren lassen. Selten erreicht der Mix aus Kunst, Kultur und Kulinarik eine so schwindelerregende H\u00f6he.<\/p>\n<p><img loading=\"lazy\" decoding=\"async\" class=\"alignnone size-full wp-image-7753\" src=\"https:\/\/www.anonymekoeche.net\/wp-content\/uploads\/santa-maria-del-fiore.jpg\" alt=\"Santa Maria del Fiore\" width=\"600\" height=\"800\" srcset=\"https:\/\/www.anonymekoeche.net\/wp-content\/uploads\/santa-maria-del-fiore.jpg 600w, https:\/\/www.anonymekoeche.net\/wp-content\/uploads\/santa-maria-del-fiore-225x300.jpg 225w\" sizes=\"auto, (max-width: 600px) 100vw, 600px\" \/><\/p>\n<p>Die italienische Trink- und Esskultur geh\u00f6rt zu den beliebtesten \u00fcberhaupt. Auch bei uns stehen kulinarische Klassiker der italienischen K\u00fcche hoch im Kurs. Wer will schon auf all die delizi\u00f6sen Spezialit\u00e4ten und begehrten Produkte aus dem S\u00fcden verzichten? Aber neben der Lieblings-Pasta, Parmaschinken\u00a0und Parmigiano gibt es eine enorme Vielfalt von kaum bekannten Delikatessen, die man unbedingt probiert haben muss.<\/p>\n<p>An der \u00abTASTE 12\u00bb, wie die Messe im zw\u00f6lften Jahr kurz heisst, zeigten 380 Produzenten, welche kulinarischen Sch\u00e4tze die Regionen Italiens zu bieten haben. Deren Geschmack und Exzellenz erhebt sich weit, sehr weit \u00fcber die von bekannten Massenprodukten. Meistens stehen die Produzenten der familiengef\u00fchrten Unternehmen gleich selbst am Stand und offerieren neben Degustationshappen einen Austausch auf Augenh\u00f6he. G\u00fcte, Tradition und Handwerk stehen bei der Herstellung ihrer\u00a0Lebensmitteln im Zentrum.<\/p>\n<p><img loading=\"lazy\" decoding=\"async\" class=\"alignnone size-full wp-image-7747\" src=\"https:\/\/www.anonymekoeche.net\/wp-content\/uploads\/Taste-Stand_s-1.jpg\" alt=\"Pitti Taste\" width=\"600\" height=\"800\" srcset=\"https:\/\/www.anonymekoeche.net\/wp-content\/uploads\/Taste-Stand_s-1.jpg 600w, https:\/\/www.anonymekoeche.net\/wp-content\/uploads\/Taste-Stand_s-1-225x300.jpg 225w\" sizes=\"auto, (max-width: 600px) 100vw, 600px\" \/><\/p>\n<p>Die Messe richtet sich zwar in erster Linie an Eink\u00e4ufer und Gastronomen, aber l\u00e4ngst pilgern von Jahr zu Jahr mehr italophile Geniesser und getriebene Foodies aus aller Welt in das sch\u00f6ne Florenz. Folgt mir, ich gebe\u00a0euch schon mal einen Einblick.<\/p>\n<p>Nicht nur weil es an der\u00a0TASTE einen Shop gibt, wo es die Messe-Delikatessen zu kaufen gibt, reise ich mit dem Auto an. Wenn ich nach Italien fahre, muss ich sowieso Unmengen Vorr\u00e4te bunkern. Diesmal steht\u00a0der erste Shopping-Stopp bereits auf der A1 von Bologna Richtung Florenz an \u2013 auf\u00a0der Autogrill-Rastst\u00e4tte Secchia Ovest.<\/p>\n<p>Ich pr\u00e4sentiere: Der erste Eataly auf einer Autobahn!<\/p>\n<p><a href=\"https:\/\/www.anonymekoeche.net\/?attachment_id=7749\" rel=\"attachment wp-att-7749\"><img loading=\"lazy\" decoding=\"async\" class=\"alignnone size-full wp-image-7749\" src=\"https:\/\/www.anonymekoeche.net\/wp-content\/uploads\/eataly-autogrill.jpg\" alt=\"Eataly Autogrill\" width=\"600\" height=\"531\" srcset=\"https:\/\/www.anonymekoeche.net\/wp-content\/uploads\/eataly-autogrill.jpg 600w, https:\/\/www.anonymekoeche.net\/wp-content\/uploads\/eataly-autogrill-300x266.jpg 300w\" sizes=\"auto, (max-width: 600px) 100vw, 600px\" \/><\/a><\/p>\n<p>W\u00e4re nur jede zweite Rastst\u00e4tte so ausgestattet, es w\u00e4re das Paradies auf Erden. Sauber, hell, grossz\u00fcgig, freundliches Personal. Ich habe auf meinem Weg nach Florenz\u00a0einen kr\u00e4ftigen\u00a0Kimbo Caff\u00e8\u00a0getrunken, Chinotto von\u00a0Lurisia\u00a0und bereits meinen Mehlbestand von\u00a0Mulino Marino\u00a0sowie Fregola Sarda aufgestockt. Dazu ein paar ausgew\u00e4hlte\u00a0Slow Food Toscana\u00a0Produkte. Fantastico!<\/p>\n<p>Italien ist\u00a0nicht nur Synonym f\u00fcr beste Weine, und einige ausgesuchte Winzer sind\u00a0an der TASTE pr\u00e4sent, auch italienisches Craft Bier geh\u00f6rt\u00a0seit Jahren\u00a0zu den besten der Welt. Allen voran die hochgradig kreative Brauerei\u00a0<a href=\"http:\/\/www.baladin.it\/en\" target=\"_blank\">Baladin<\/a>.<\/p>\n<p><a href=\"https:\/\/www.anonymekoeche.net\/?attachment_id=7741\" rel=\"attachment wp-att-7741\"><img loading=\"lazy\" decoding=\"async\" class=\"alignnone size-full wp-image-7741\" src=\"https:\/\/www.anonymekoeche.net\/wp-content\/uploads\/Pitti-Gradisca_s-1.jpg\" alt=\"Pitti Taste\" width=\"600\" height=\"800\" srcset=\"https:\/\/www.anonymekoeche.net\/wp-content\/uploads\/Pitti-Gradisca_s-1.jpg 600w, https:\/\/www.anonymekoeche.net\/wp-content\/uploads\/Pitti-Gradisca_s-1-225x300.jpg 225w\" sizes=\"auto, (max-width: 600px) 100vw, 600px\" \/><\/a><\/p>\n<p>Ein\u00a0Muss f\u00fcr Liebhaber von Blutorangen ist der elegante Bitter <a href=\"http:\/\/www.rossasicily.com\/it\/\" target=\"_blank\">Amara<\/a>. Pur, auf Eis oder in vielseitiger <a href=\"http:\/\/www.rossasicily.com\/amara-mixology.pdf\" target=\"_blank\">Mixology<\/a> einsetzbar.<\/p>\n<p><a href=\"https:\/\/www.anonymekoeche.net\/?attachment_id=7718\" rel=\"attachment wp-att-7718\"><img loading=\"lazy\" decoding=\"async\" class=\"alignnone size-full wp-image-7718\" src=\"https:\/\/www.anonymekoeche.net\/wp-content\/uploads\/taste-amara_s.jpg\" alt=\"\" width=\"600\" height=\"742\" srcset=\"https:\/\/www.anonymekoeche.net\/wp-content\/uploads\/taste-amara_s.jpg 600w, https:\/\/www.anonymekoeche.net\/wp-content\/uploads\/taste-amara_s-243x300.jpg 243w\" sizes=\"auto, (max-width: 600px) 100vw, 600px\" \/><\/a><\/p>\n<p>Es gibt wohl kein italienischeres Getr\u00e4nk als Chinotto. Es katapultiert dich, egal wo du bist direkt in den Sommer. Am liebsten trinke ich, klar, Chinotto von kleinen Manufakturen, wie Lurisia.\u00a0Aber hat jemand schon mal Chinotto gegessen\u00a0statt getrunken? <a href=\"http:\/\/www.besio.it\/it\/prodotti-dolciari-marron-glaces-frutta-candita-confetture\/36-marmellate-e-confetture-di-frutta.html\" target=\"_blank\">Besio<\/a> bietet ganze, kandierte Fr\u00fcchte\u00a0oder auch Marmeladen dieser herrlich bitteren Pomeranzen\u00a0namens\u00a0Citrus myrtifolia<i>.\u00a0<\/i><\/p>\n<p><a href=\"https:\/\/www.anonymekoeche.net\/?attachment_id=7719\" rel=\"attachment wp-att-7719\"><img loading=\"lazy\" decoding=\"async\" class=\"alignnone size-full wp-image-7719\" src=\"https:\/\/www.anonymekoeche.net\/wp-content\/uploads\/taste-chinotto_s.jpg\" alt=\"\" width=\"600\" height=\"739\" srcset=\"https:\/\/www.anonymekoeche.net\/wp-content\/uploads\/taste-chinotto_s.jpg 600w, https:\/\/www.anonymekoeche.net\/wp-content\/uploads\/taste-chinotto_s-244x300.jpg 244w\" sizes=\"auto, (max-width: 600px) 100vw, 600px\" \/><\/a><\/p>\n<p>Lange gereifter Prosciutto, Italiens Signature Produkt, die K\u00f6nigsdisziplin in Sachen Trockenfleisch, wird\u00a0an der TASTE ausgiebig gefeiert. Die Auswahl ist ebenso eindr\u00fccklich wie die Qualit\u00e4t. Schlicht ph\u00e4nomenal, wie aromatisch, zart und schmelzig die Rohschinken von\u00a0autochtonen Freilandschweinen verschiedener Regionen schmecken.<\/p>\n<p>Nachteil: Es verdirbt einem definitiv den Appetit auf die eingeschweissten Produkte, die uns hierzulande\u00a0f\u00fcr unversch\u00e4mt viel Geld unter die Nase gehalten werden. Frechheit.<\/p>\n<p><a href=\"https:\/\/www.anonymekoeche.net\/?attachment_id=7720\" rel=\"attachment wp-att-7720\"><img loading=\"lazy\" decoding=\"async\" class=\"alignnone size-full wp-image-7720\" src=\"https:\/\/www.anonymekoeche.net\/wp-content\/uploads\/taste-cinta-senese_s.jpg\" alt=\"\" width=\"600\" height=\"622\" srcset=\"https:\/\/www.anonymekoeche.net\/wp-content\/uploads\/taste-cinta-senese_s.jpg 600w, https:\/\/www.anonymekoeche.net\/wp-content\/uploads\/taste-cinta-senese_s-289x300.jpg 289w\" sizes=\"auto, (max-width: 600px) 100vw, 600px\" \/><\/a><\/p>\n<p>Beim K\u00e4se sieht es leider \u00e4hnlich aus. Ich w\u00fcsste nicht, wo ich in meinem Umkreis italienische K\u00e4se dieser Intensit\u00e4t finden k\u00f6nnte, wie sie <a href=\"http:\/\/www.guffantiformaggi.com\" target=\"_blank\">Luigi Guffanti<\/a> anbietet. Hier ist der Transport besonders schwierig. Unter luftdichter Verpackung und K\u00fchlung leidet jeder K\u00e4se.\u00a0Aber gut, in der Schweiz darf ich mich\u00a0nicht \u00fcber die Qualit\u00e4t heimischer Kleink\u00e4sereien beklagen. Italienischen K\u00e4se geniesse ich dann eben jeweils vor Ort.<\/p>\n<p><a href=\"https:\/\/www.anonymekoeche.net\/?attachment_id=7721\" rel=\"attachment wp-att-7721\"><img loading=\"lazy\" decoding=\"async\" class=\"alignnone size-full wp-image-7721\" src=\"https:\/\/www.anonymekoeche.net\/wp-content\/uploads\/taste-gorgonzola_s.jpg\" alt=\"\" width=\"600\" height=\"695\" srcset=\"https:\/\/www.anonymekoeche.net\/wp-content\/uploads\/taste-gorgonzola_s.jpg 600w, https:\/\/www.anonymekoeche.net\/wp-content\/uploads\/taste-gorgonzola_s-259x300.jpg 259w\" sizes=\"auto, (max-width: 600px) 100vw, 600px\" \/><\/a><\/p>\n<p>Und dann bittesch\u00f6n all die Pasta-Manufakturen. Ja, <em>Manufakturen<\/em>!<\/p>\n<p><a href=\"https:\/\/www.anonymekoeche.net\/?attachment_id=7722\" rel=\"attachment wp-att-7722\"><img loading=\"lazy\" decoding=\"async\" class=\"alignnone size-full wp-image-7722\" src=\"https:\/\/www.anonymekoeche.net\/wp-content\/uploads\/taste-gragnano_s.jpg\" alt=\"\" width=\"600\" height=\"448\" srcset=\"https:\/\/www.anonymekoeche.net\/wp-content\/uploads\/taste-gragnano_s.jpg 600w, https:\/\/www.anonymekoeche.net\/wp-content\/uploads\/taste-gragnano_s-300x224.jpg 300w\" sizes=\"auto, (max-width: 600px) 100vw, 600px\" \/><\/a><\/p>\n<p>Zwischen dieser traditionellen,\u00a0handwerklich hergestellter, langsam getrockneter Pasta und der milliardenfach in die Superm\u00e4rkte gepresste\u00a0Billig-Barilla liegen Welten. Subtile Geschmacks- und Texturwelten. Rau, kernig, mit einem deutlichen\u00a0Weizengeschmack. Je mehr du in diese Welt eintauchst, desto schwieriger wird es, irgendwelche beliebigen Teigaffen zu kauen.<\/p>\n<p>Einer meiner Liebsten ist auch an der Taste 12.\u00a0<a href=\"http:\/\/www.pastacocco.com\" target=\"_blank\">Artigiano Pastaio Cav. Giuseppe Cocco<\/a>. Aus Fara San Martino, Provinz Chieti, am Fiume Verde, dem gr\u00fcnen Fluss. Als Abruzzese halte ich nur schon aus Solidarit\u00e4t die Fahne hoch. Und dann die anderen, mit ihren klangvollen Namen. Aus dem\u00a0Pastamekka Gragnano in Kampagnen, aus Norditalien, den Marken oder aus Apulien, der Kornkammer Italiens: <a href=\"http:\/\/www.pastagentile.it\/en\/\" target=\"_blank\">Gentile<\/a>, <a href=\"http:\/\/www.pastamancini.com\/en\/\" target=\"_blank\">Mancini<\/a>, <a href=\"http:\/\/www.pastificionicolarusso.it\" target=\"_blank\">Russo<\/a>, <a href=\"http:\/\/www.pastarummo.it\/de\/\" target=\"_blank\">Rummo<\/a>, <a href=\"http:\/\/www.benedettocavalieri.it\" target=\"_blank\">Benedetto<\/a>, <a href=\"http:\/\/www.pastacaponi.it\/index.php?option=com_content&amp;view=article&amp;id=57&amp;Itemid=63&amp;lang=it\" target=\"_blank\">Caponi<\/a>, <a href=\"http:\/\/www.pastificiochelucci.it\" target=\"_blank\">Chelucci<\/a>, <a href=\"http:\/\/www.lacampofilone.it\/prodotti_la_campofilone.htm\" target=\"_blank\">Campofilone<\/a>, <a href=\"http:\/\/pastamorelli.it\/de\/\" target=\"_blank\">Morelli<\/a>. Welche die Beste ist? Falsche Frage. Warum wird immer noch an so vielen Orten\u00a0so\u00a0viel\u00a0schlechte Pasta verkauft\u00a0und aufgetischt?<\/p>\n<p><a href=\"https:\/\/www.anonymekoeche.net\/?attachment_id=7723\" rel=\"attachment wp-att-7723\"><img loading=\"lazy\" decoding=\"async\" class=\"alignnone size-full wp-image-7723\" src=\"https:\/\/www.anonymekoeche.net\/wp-content\/uploads\/taste-honig_s.jpg\" alt=\"\" width=\"600\" height=\"675\" srcset=\"https:\/\/www.anonymekoeche.net\/wp-content\/uploads\/taste-honig_s.jpg 600w, https:\/\/www.anonymekoeche.net\/wp-content\/uploads\/taste-honig_s-267x300.jpg 267w\" sizes=\"auto, (max-width: 600px) 100vw, 600px\" \/><\/a><\/p>\n<p>Hier probiere ich einen\u00a0einzigartigen Akazienhonig von Giorgio Poeta. Er reift in Barriquef\u00e4ssern! Wow. Fantastisches Aroma. Er macht auch den Idro Miele. Ein fermentiertes Honiggetr\u00e4nk mit 14,5 % vol. Alkohol. Sehr spannend.<\/p>\n<p><a href=\"https:\/\/www.anonymekoeche.net\/?attachment_id=7724\" rel=\"attachment wp-att-7724\"><img loading=\"lazy\" decoding=\"async\" class=\"alignnone size-full wp-image-7724\" src=\"https:\/\/www.anonymekoeche.net\/wp-content\/uploads\/taste-mo-bufala_s.jpg\" alt=\"\" width=\"600\" height=\"753\" srcset=\"https:\/\/www.anonymekoeche.net\/wp-content\/uploads\/taste-mo-bufala_s.jpg 600w, https:\/\/www.anonymekoeche.net\/wp-content\/uploads\/taste-mo-bufala_s-239x300.jpg 239w\" sizes=\"auto, (max-width: 600px) 100vw, 600px\" \/><\/a><\/p>\n<p>Bei den Mozzarella-Profis aus Apulien bekomme ich best\u00e4tigt, was ich schon immer vermutet habe: Die H\u00e4ndler in der Schweiz haben mich immer schamlos belogen. Immer wenn ich nach cremiger Stracciatella oder saftiger Burrata frage, teilt man mir schnippisch mit: \u00abDas ist jetzt nicht Saison! Die gibts nur im Sommer.\u00bb<\/p>\n<p>Nein, die gibts nicht nur im Sommer, ihr Vollpfosten. Erz\u00e4hlt nicht so einen Schwachsinn. Ihr wollt sie einfach nur im Sommer verkaufen, weil ihr Schiss habt, dass ihr sie\u00a0im Winter nicht los werdet. Weil Mozzarella, denkt ihr euch, gleich Insalata Caprese gleich Grillplausch, gleich Sommer. Ich m\u00f6chte aber auch im Winter sehr gerne Burrata und Stracciatella essen. Zu Artischocken, mit Sardellen, zu Catalogna, Puntarelle, Radicchio Trevisano. Capisc&#8216;?<\/p>\n<p><a href=\"https:\/\/www.anonymekoeche.net\/?attachment_id=7725\" rel=\"attachment wp-att-7725\"><img loading=\"lazy\" decoding=\"async\" class=\"alignnone size-full wp-image-7725\" src=\"https:\/\/www.anonymekoeche.net\/wp-content\/uploads\/taste-mortadella-man_s.jpg\" alt=\"\" width=\"600\" height=\"756\" srcset=\"https:\/\/www.anonymekoeche.net\/wp-content\/uploads\/taste-mortadella-man_s.jpg 600w, https:\/\/www.anonymekoeche.net\/wp-content\/uploads\/taste-mortadella-man_s-238x300.jpg 238w\" sizes=\"auto, (max-width: 600px) 100vw, 600px\" \/><\/a><\/p>\n<p>Dieser\u00a0Mortadella-Mann hier ist eine Art fr\u00f6hlicher Candy man f\u00fcr Fetts\u00fcchtige. Die grossz\u00fcgigen Probiererli die er von der riesigen Mortadella abs\u00e4belt, schmecken schweinisch\u00a0gut.<\/p>\n<p><a href=\"https:\/\/www.anonymekoeche.net\/?attachment_id=7726\" rel=\"attachment wp-att-7726\"><img loading=\"lazy\" decoding=\"async\" class=\"alignnone size-full wp-image-7726\" src=\"https:\/\/www.anonymekoeche.net\/wp-content\/uploads\/taste-mortadella-schneiden_s.jpg\" alt=\"\" width=\"600\" height=\"496\" srcset=\"https:\/\/www.anonymekoeche.net\/wp-content\/uploads\/taste-mortadella-schneiden_s.jpg 600w, https:\/\/www.anonymekoeche.net\/wp-content\/uploads\/taste-mortadella-schneiden_s-300x248.jpg 300w\" sizes=\"auto, (max-width: 600px) 100vw, 600px\" \/><\/a><\/p>\n<p>Das Br\u00e4t wird in der Schwarte gegart und ist sehr schnittfest. Oft wird eine solche herzhafte Mortadella nicht nur d\u00fcnn als Aufschnitt serviert, sondern grob gew\u00fcrfelt und gebraten unter\u00a0Pastagerichte gemischt.<\/p>\n<p>Die kleinen Oliven\u00f6lproduzenten laden zum Beschnuppern und Degustieren ihres gr\u00fcnen Golds und nehmen sich Zeit f\u00fcr einen Einblick in ihr grosses, komplexes Universum.<\/p>\n<p><a href=\"https:\/\/www.anonymekoeche.net\/?attachment_id=7742\" rel=\"attachment wp-att-7742\"><img loading=\"lazy\" decoding=\"async\" class=\"alignnone size-full wp-image-7742\" src=\"https:\/\/www.anonymekoeche.net\/wp-content\/uploads\/Taste-Olio_s-1.jpg\" alt=\"Pitti Taste\" width=\"600\" height=\"700\" srcset=\"https:\/\/www.anonymekoeche.net\/wp-content\/uploads\/Taste-Olio_s-1.jpg 600w, https:\/\/www.anonymekoeche.net\/wp-content\/uploads\/Taste-Olio_s-1-257x300.jpg 257w\" sizes=\"auto, (max-width: 600px) 100vw, 600px\" \/><\/a><\/p>\n<p>\u00dcberhaupt muss besonders betont werden, wie angenehm die Messe und das Publikum sind. Die Messest\u00e4nde sind alle gleich gross. Das ist wahnsinnig entspannend und \u00fcbersichtlich. Es ist, als ginge man einfach einer riesigen Theke entlang von Angebot zu Angebot.<\/p>\n<p>Und die Leute sind echt alle echt\u00a0h\u00f6flich. Scusi da, scusi hier. Kein Gedr\u00e4nge und Geschubse. Keine aufdringlichen Hardseller. Keine laute Musik. Keine halbnackten Ladies, die nur rumstehen m\u00fcssen, kein peinliches Standdesign. Einfach richtig gut und fokussiert aufs Wesentliche: Magiare bene!<\/p>\n<p>Zwischendurch mal Panettone verkosten, bei dem dir H\u00f6ren und Sehen vergeht.<\/p>\n<p><a href=\"https:\/\/www.anonymekoeche.net\/?attachment_id=7743\" rel=\"attachment wp-att-7743\"><img loading=\"lazy\" decoding=\"async\" class=\"alignnone size-full wp-image-7743\" src=\"https:\/\/www.anonymekoeche.net\/wp-content\/uploads\/Taste-Panettone_s-1.jpg\" alt=\"Pitti Taste\" width=\"600\" height=\"600\" srcset=\"https:\/\/www.anonymekoeche.net\/wp-content\/uploads\/Taste-Panettone_s-1.jpg 600w, https:\/\/www.anonymekoeche.net\/wp-content\/uploads\/Taste-Panettone_s-1-150x150.jpg 150w, https:\/\/www.anonymekoeche.net\/wp-content\/uploads\/Taste-Panettone_s-1-300x300.jpg 300w\" sizes=\"auto, (max-width: 600px) 100vw, 600px\" \/><\/a><\/p>\n<p>Und dann dies: Pomodori. Das R\u00fcckgrat der italienischen K\u00fcche. \u00dcber 600 unterschiedliche Sorten diverser Regionen\u00a0finden\u00a0sich in Italien im\u00a0Handel.<\/p>\n<p>Eine davon, auf vulkanischer Erde am Fusse des Vesuvs gewachsen, heisst <a href=\"http:\/\/www.saporivesuviani.it\/POMODORINO-DEL-PIENNOLO-DEL-VESUVIO-DOP.html?id=14\" target=\"_blank\">Pomodorino del Piennolo del Vesuvio D.O.P.<\/a>\u00a0Diese extrem aromatischen Tomaten\u00a0werden\u00a0nach der Ernte\u00a0traubenartig gebunden\u00a0und aufgeh\u00e4ngt, damit\u00a0sie nachreifen und \u00fcber den Winter hindurch dank der festen Haut\u00a0erstaunlich haltbar bleiben.<\/p>\n<p>Wenig von der ohnehin schon geringen Menge die angebaut wird, kommt in Gl\u00e4sern oder Dosen in den Handel. Wer immer sie\u00a0erblickt: Kaufzwang! Etwas Besseres\u00a0gibts nur im Paradies. Ich habe tats\u00e4chlich welche bei Eataly gefunden.<\/p>\n<p><a href=\"https:\/\/www.anonymekoeche.net\/?attachment_id=7729\" rel=\"attachment wp-att-7729\"><img loading=\"lazy\" decoding=\"async\" class=\"alignnone size-full wp-image-7729\" src=\"https:\/\/www.anonymekoeche.net\/wp-content\/uploads\/taste-piennolo_s.jpg\" alt=\"\" width=\"600\" height=\"770\" srcset=\"https:\/\/www.anonymekoeche.net\/wp-content\/uploads\/taste-piennolo_s.jpg 600w, https:\/\/www.anonymekoeche.net\/wp-content\/uploads\/taste-piennolo_s-234x300.jpg 234w\" sizes=\"auto, (max-width: 600px) 100vw, 600px\" \/><\/a><\/p>\n<p>Nat\u00fcrlich gibt es zig andere Tomatensorten wie etwa die Pachino aus Sizilien oder Datterini aus Apulien oder Sardinien in herausragender Qualit\u00e4t.<\/p>\n<p><a href=\"https:\/\/www.anonymekoeche.net\/?attachment_id=7744\" rel=\"attachment wp-att-7744\"><img loading=\"lazy\" decoding=\"async\" class=\"alignnone size-full wp-image-7744\" src=\"https:\/\/www.anonymekoeche.net\/wp-content\/uploads\/Taste-Pomodori_s-1.jpg\" alt=\"Pitti Taste\" width=\"600\" height=\"450\" srcset=\"https:\/\/www.anonymekoeche.net\/wp-content\/uploads\/Taste-Pomodori_s-1.jpg 600w, https:\/\/www.anonymekoeche.net\/wp-content\/uploads\/Taste-Pomodori_s-1-300x225.jpg 300w\" sizes=\"auto, (max-width: 600px) 100vw, 600px\" \/><\/a><\/p>\n<p>Porchetta, der deftige Rostbraten vom Spanferkel, kr\u00e4ftig mit Kr\u00e4utern und Fenchelsamen gew\u00fcrzt, kennen wir aus der kulinarischen Tradition Roms, den Abruzzen und Umbrien. Dort wird das Jungschwein bei 200 Grad etwa sieben Stunden ger\u00f6stet und meist als Streetfood in Tranchen in ein Panino geklemmt.<\/p>\n<p>Ganz anders die Porchetta von <a href=\"http:\/\/www.meggiolarosrl.it\/portfolio-view\/porchetta\/\" target=\"_blank\">Meggiolaro<\/a>,\u00a0dem kleinen, familiengef\u00fchrten Unternehmen zwischen Padua und Venedig. Dort wird das Spanferkel bei niedriger Temperatur 25 Stunden lang gebacken. Das Geschmackserlebnis ist ph\u00e4nomenal. Zarter, geschmeidiger, aromatischer gehts nicht.<\/p>\n<p>Dieses Gesicht und die\u00a0Produkte dahinter muss man sich merken: Alessandro Meggiolaro.\u00a0Grande\u00a0classe.<\/p>\n<p><a href=\"https:\/\/www.anonymekoeche.net\/?attachment_id=7745\" rel=\"attachment wp-att-7745\"><img loading=\"lazy\" decoding=\"async\" class=\"alignnone size-full wp-image-7745\" src=\"https:\/\/www.anonymekoeche.net\/wp-content\/uploads\/Taste-Porchetta_s-1.jpg\" alt=\"Pitti Taste\" width=\"600\" height=\"700\" srcset=\"https:\/\/www.anonymekoeche.net\/wp-content\/uploads\/Taste-Porchetta_s-1.jpg 600w, https:\/\/www.anonymekoeche.net\/wp-content\/uploads\/Taste-Porchetta_s-1-257x300.jpg 257w\" sizes=\"auto, (max-width: 600px) 100vw, 600px\" \/><\/a><\/p>\n<p>Bei\u00a0<a href=\"https:\/\/www.nonnoandrea.it\/it\/prodotti\/sottolio\" target=\"_blank\">Nonno Andrea<\/a>\u00a0entdecke ich den geliebten Radicchio rosso \u2013 in Saor! In <em>Saor<\/em>, bitte. Das heisst, in Weisswein-Essig blanchiert, dann gegrillt und schliesslich im\u00a0\u00d6l eingemacht. Zum Durchdrehen gut!<\/p>\n<p><a href=\"https:\/\/www.anonymekoeche.net\/?attachment_id=7732\" rel=\"attachment wp-att-7732\"><img loading=\"lazy\" decoding=\"async\" class=\"alignnone size-full wp-image-7732\" src=\"https:\/\/www.anonymekoeche.net\/wp-content\/uploads\/taste-radicchio_s.jpg\" alt=\"\" width=\"600\" height=\"705\" srcset=\"https:\/\/www.anonymekoeche.net\/wp-content\/uploads\/taste-radicchio_s.jpg 600w, https:\/\/www.anonymekoeche.net\/wp-content\/uploads\/taste-radicchio_s-255x300.jpg 255w\" sizes=\"auto, (max-width: 600px) 100vw, 600px\" \/><\/a><\/p>\n<p>Weiter geht es mit meterlangen Salamiverkostungen from Heaven oder dieser Soppressata von einer ans\u00e4ssigen Metzgerei in Firenze. Achtung, das ist keine gew\u00f6hnliche Soppressata wie die aus edlen Schweinest\u00fccken hergestellte scharfe Salami aus Basilicata,\u00a0Apulien,\u00a0Kalabrien,\u00a0Abruzzo,\u00a0Molise\u00a0und\u00a0Kampanien.<\/p>\n<p>Die kolossale Presswurst der Toskana besteht aus den &#8222;minderen&#8220; Schnitten des Schweins wie Kopf, Sehnen, F\u00fcsse und Bauch. Ist also eine &#8222;trendige Nose to Tail&#8220; Wurst, nur dass dieser Trend hier vor ein paar hundert Jahren erfunden wurde und f\u00fcr aufrichtige, normale Esser, nie aus der Mode kam. Sie schmeckt: G\u00f6ttlich!<\/p>\n<p><a href=\"https:\/\/www.anonymekoeche.net\/?attachment_id=7746\" rel=\"attachment wp-att-7746\"><img loading=\"lazy\" decoding=\"async\" class=\"alignnone size-full wp-image-7746\" src=\"https:\/\/www.anonymekoeche.net\/wp-content\/uploads\/Taste-Soppressata_s-1.jpg\" alt=\"Pitti Taste\" width=\"600\" height=\"650\" srcset=\"https:\/\/www.anonymekoeche.net\/wp-content\/uploads\/Taste-Soppressata_s-1.jpg 600w, https:\/\/www.anonymekoeche.net\/wp-content\/uploads\/Taste-Soppressata_s-1-277x300.jpg 277w\" sizes=\"auto, (max-width: 600px) 100vw, 600px\" \/><\/a><\/p>\n<p>Und jetzt werde ich\u00a0richtig\u00a0euphorisch: Spaccasassi!<\/p>\n<p><img loading=\"lazy\" decoding=\"async\" class=\"alignnone size-full wp-image-7735\" src=\"https:\/\/www.anonymekoeche.net\/wp-content\/uploads\/taste-spaccasassi_s.jpg\" alt=\"\" width=\"600\" height=\"603\" srcset=\"https:\/\/www.anonymekoeche.net\/wp-content\/uploads\/taste-spaccasassi_s.jpg 600w, https:\/\/www.anonymekoeche.net\/wp-content\/uploads\/taste-spaccasassi_s-150x150.jpg 150w\" sizes=\"auto, (max-width: 600px) 100vw, 600px\" \/><\/p>\n<p>\u00dcber den wilden Meerfenchel, der auf Felsen der Conero-K\u00fcste in den Marken w\u00e4chst und geschmacklich an\u00a0Algen, Kapern und gr\u00fcne Oliven erinnert, habe ich <a href=\"https:\/\/www.anonymekoeche.net\/?p=7210\" target=\"_blank\">hier<\/a> schon mal geschrieben. Den\u00a0Jungunternehmern von <a href=\"http:\/\/www.rinci.it\/de\/default.asp\" target=\"_blank\">Rinci<\/a> ist es nun gelungen, diese unter Artenschutz stehenden Pflanzen zu z\u00fcchten und in Gl\u00e4ser abgef\u00fcllt anzubieten. Man isst sie kalt zu allerlei Antipasti vom Meer. Irrsinnig knackig, s\u00e4uerlich-frisch\u00a0und gut.<\/p>\n<p><img loading=\"lazy\" decoding=\"async\" class=\"alignnone size-full wp-image-7734\" src=\"https:\/\/www.anonymekoeche.net\/wp-content\/uploads\/taste-spaccasassi-glas_s.jpg\" alt=\"\" width=\"600\" height=\"641\" srcset=\"https:\/\/www.anonymekoeche.net\/wp-content\/uploads\/taste-spaccasassi-glas_s.jpg 600w, https:\/\/www.anonymekoeche.net\/wp-content\/uploads\/taste-spaccasassi-glas_s-281x300.jpg 281w\" sizes=\"auto, (max-width: 600px) 100vw, 600px\" \/><\/p>\n<p>Noch einmal wird es deftig, aber sehr, sehr gut. Das hier ist eine scharfe Ventricina aus Abruzzo. Eine scharfe, streichf\u00e4hige Salami, die deshalb Ventricina heisst, weil sie im Ventre, dem Schweinebauch gereift wird. Das ist Salami f\u00fcr Fortgeschrittene!<\/p>\n<p><a href=\"https:\/\/www.anonymekoeche.net\/?attachment_id=7748\" rel=\"attachment wp-att-7748\"><img loading=\"lazy\" decoding=\"async\" class=\"alignnone size-full wp-image-7748\" src=\"https:\/\/www.anonymekoeche.net\/wp-content\/uploads\/pitti-taste.jpg\" alt=\"Pitti Taste\" width=\"600\" height=\"800\" srcset=\"https:\/\/www.anonymekoeche.net\/wp-content\/uploads\/pitti-taste.jpg 600w, https:\/\/www.anonymekoeche.net\/wp-content\/uploads\/pitti-taste-225x300.jpg 225w\" sizes=\"auto, (max-width: 600px) 100vw, 600px\" \/><\/a><\/p>\n<p>Aus Castelluccio, wo die mitunter besten Linsen Italiens herkommen, kommen auch diese wilden Erbsen. Ja, hab ich vorher auch nicht gekannt. Leider ist die Ernte so gering und aufw\u00e4ndig, dass sie praktisch nicht in den Handel gelangen und vorwiegend direkt an die lokale Gastronomie geliefert werden.<\/p>\n<p><a href=\"https:\/\/www.anonymekoeche.net\/?attachment_id=7739\" rel=\"attachment wp-att-7739\"><img loading=\"lazy\" decoding=\"async\" class=\"alignnone size-full wp-image-7739\" src=\"https:\/\/www.anonymekoeche.net\/wp-content\/uploads\/taste-wilde-erbsen_s.jpg\" alt=\"\" width=\"600\" height=\"668\" srcset=\"https:\/\/www.anonymekoeche.net\/wp-content\/uploads\/taste-wilde-erbsen_s.jpg 600w, https:\/\/www.anonymekoeche.net\/wp-content\/uploads\/taste-wilde-erbsen_s-269x300.jpg 269w\" sizes=\"auto, (max-width: 600px) 100vw, 600px\" \/><\/a><\/p>\n<p>Zur\u00fcck zum Anfang und der Frage: Schon mal etwas von <a href=\"http:\/\/www.trombolotto.it\/contents\/it\/d4.html\" target=\"_blank\">Trombolotto<\/a> geh\u00f6rt? Ich auch nicht. Es ist eine Zitrusfrucht.\u00a0Citrus Limon Cajetani. Eine kleine, sehr aromatische, bittere, autochtone Sorte aus dem Pittoresken Ort Sermoneta in der Region Lazio.<\/p>\n<p>Zusammen mit 14 Kr\u00e4utern und bestem Oliven\u00f6l wird daraus eine W\u00fcrzpaste die \u2013 Achtung, festhalten \u2013 so gegessen wird: Kalt unter heisse Spaghetti vermengt\u00a0und dann mit Bottarga di Muggine (getrockneter Rogen von der Meer\u00e4sche) bestreut. Ich muss es noch ausprobieren, aber alleine der Duft am Glas bet\u00f6rt mich, es muss der Wahnsinn sein!<\/p>\n<p><a href=\"https:\/\/www.anonymekoeche.net\/?attachment_id=7740\" rel=\"attachment wp-att-7740\"><img loading=\"lazy\" decoding=\"async\" class=\"alignnone size-full wp-image-7740\" src=\"https:\/\/www.anonymekoeche.net\/wp-content\/uploads\/Trombolotto_s.jpg\" alt=\"Pitti Taste\" width=\"600\" height=\"468\" srcset=\"https:\/\/www.anonymekoeche.net\/wp-content\/uploads\/Trombolotto_s.jpg 600w, https:\/\/www.anonymekoeche.net\/wp-content\/uploads\/Trombolotto_s-300x234.jpg 300w\" sizes=\"auto, (max-width: 600px) 100vw, 600px\" \/><\/a><\/p>\n<p>Sodala!\u00a0Richtig essen wollen wir ja auch noch! Unter dem Motto FUORI DI TASTE finden vor und w\u00e4hrend der dreit\u00e4gigen Foodmesse in\u00a0unz\u00e4hligen Bars, Restaurants, kleinen Trattorien und grossen Palazzi der Stadt an die 100 Events statt. Vom exklusiven Dinner bis zu unkomplizierten Tastings ist f\u00fcr jeden Geschmack etwas dabei.<\/p>\n<p>Wir entscheiden uns f\u00fcr einen Abend bei <a href=\"http:\/\/www.eataly.net\/it_it\/negozi\/firenze\/\" target=\"_blank\">Eataly<\/a>, wo\u00a0Stefano\u00a0Chiodi Latini (Chef di <a href=\"http:\/\/www.villasomis.it\/en\/\" target=\"_blank\">Villa Somis<\/a>) aus dem Piemont und\u00a0Domenico Cilenti (Executive Ehef, Chef Manager und\u00a0Patron vom\u00a0Ristorante <a href=\"https:\/\/www.portadibasso.it\/porta-di-basso\" target=\"_blank\">Porta di Basso<\/a>) aus Apulien\u00a0ein Four Hands Dinner ausrichten. Alleine der Safran-Risotto mit den ger\u00f6steten Kakaobohnen und\u00a0dem Spitzenreis der\u00a0<a href=\"http:\/\/riservasanmassimo.net\" target=\"_blank\">Riserva San\u00a0Massimo<\/a>\u00a0war unvergleichlich. Dann das mit Sepiatinte gef\u00e4rbte Tempura vom Steinbutt(!), die mit Stracciatella gef\u00fcllten Ravioli, ach!<\/p>\n<p><img loading=\"lazy\" decoding=\"async\" class=\"alignnone size-full wp-image-7713\" src=\"https:\/\/www.anonymekoeche.net\/wp-content\/uploads\/domenico-cilenti.jpg\" alt=\"Domenico Cilenti \" width=\"600\" height=\"628\" srcset=\"https:\/\/www.anonymekoeche.net\/wp-content\/uploads\/domenico-cilenti.jpg 600w, https:\/\/www.anonymekoeche.net\/wp-content\/uploads\/domenico-cilenti-287x300.jpg 287w\" sizes=\"auto, (max-width: 600px) 100vw, 600px\" \/><\/p>\n<p>dann schaust du zur Decke und siehst solche Affresken aus dem 16. Jahrhundert &#8230; Florenz und die PITTI TASTE machen\u00a0es einem wirklich sehr, sehr leicht, sich kopf\u00fcber in die Stadt die Esskultur zu verlieben.<\/p>\n<p><img loading=\"lazy\" decoding=\"async\" class=\"alignnone size-full wp-image-7712\" src=\"https:\/\/www.anonymekoeche.net\/wp-content\/uploads\/eataly-firenze.jpg\" alt=\"Eataly Firenze\" width=\"600\" height=\"308\" srcset=\"https:\/\/www.anonymekoeche.net\/wp-content\/uploads\/eataly-firenze.jpg 600w, https:\/\/www.anonymekoeche.net\/wp-content\/uploads\/eataly-firenze-300x154.jpg 300w\" sizes=\"auto, (max-width: 600px) 100vw, 600px\" \/><\/p>\n<p>Das verr\u00fcckte ist ja auch, dass man alles zu Fuss machen kann. Von der Stazione Leopolda, diesem sch\u00f6nen Backsteingeb\u00e4ude, das die Messe beherbergt, geht man dem Arno entlang und steuert schnurstracks auf den Ponte Vecchio zu. B\u00e4m!<\/p>\n<p><img loading=\"lazy\" decoding=\"async\" class=\"alignnone size-full wp-image-7751\" src=\"https:\/\/www.anonymekoeche.net\/wp-content\/uploads\/ponte-vecchio.jpg\" alt=\"Ponte Vecchio\" width=\"600\" height=\"420\" srcset=\"https:\/\/www.anonymekoeche.net\/wp-content\/uploads\/ponte-vecchio.jpg 600w, https:\/\/www.anonymekoeche.net\/wp-content\/uploads\/ponte-vecchio-300x210.jpg 300w\" sizes=\"auto, (max-width: 600px) 100vw, 600px\" \/><\/p>\n<p>Das Zentrum (ich war ja vorher noch nie in Florenz, aus Bammel vor den Massentouristen, aber um dieses Jahreszeit ist es ja total easy) ist eine Mischung aus Luxus-Shoppingmeile, Open-Air Kunstmuseum, lauschigen Weinbars, feinen Fachgesch\u00e4ften f\u00fcr Lederwaren und \u2013 oh mein Gott! Ist das ein Trippaio? Verkauft der Kutteln und Lampredotto?<\/p>\n<p>Ich muss sofort ein Lampredotto essen! Dieses original florentinische, Jahrhunderte alte Streetfood.\u00a0Was es ist? Labmagen. Also nur der eine von den vier Kuhm\u00e4gen. Stundenlang weich gekocht in einem Gem\u00fcsesud, zerschnitten und mit Salsa verde in ein Br\u00f6tchen geklemmt. Hier das Video, mir l\u00e4uft schon wieder das Wasser im Mund zusammen:<\/p>\n<blockquote class=\"instagram-media\" style=\"background: #FFF; border: 0; border-radius: 3px; box-shadow: 0 0 1px 0 rgba(0,0,0,0.5),0 1px 10px 0 rgba(0,0,0,0.15); margin: 1px; max-width: 600px; padding: 0; width: calc(100% - 2px);\" data-instgrm-captioned=\"\" data-instgrm-version=\"7\">\n<div style=\"padding: 8px;\">\n<div style=\"background: #F8F8F8; line-height: 0; margin-top: 40px; padding: 50.0% 0; text-align: center; width: 100%;\"><\/div>\n<p style=\"margin: 8px 0 0 0; padding: 0 4px;\"><a style=\"color: #000; font-family: Arial,sans-serif; font-size: 14px; font-style: normal; font-weight: normal; line-height: 17px; text-decoration: none; word-wrap: break-word;\" href=\"https:\/\/www.instagram.com\/p\/BRghfSVhzNw\/\" target=\"_blank\">Real #streetfood #lampredotto #fiorentino #slowcooked #cow #stomach #abomasum #labmagen #kuhmagen #innereien #nosetotail #offal #innards #quintoquarto #sandwich #panino #realfood #slowfood #food #foodporn #instafood #instagood #yummy #italianfood #firenze #italy<\/a><\/p>\n<p style=\"color: #c9c8cd; font-family: Arial,sans-serif; font-size: 14px; line-height: 17px; margin-bottom: 0; margin-top: 8px; overflow: hidden; padding: 8px 0 7px; text-align: center; text-overflow: ellipsis; white-space: nowrap;\">Ein Beitrag geteilt von Claudio Del Principe (@claudio_anonymekoeche) am <time style=\"font-family: Arial,sans-serif; font-size: 14px; line-height: 17px;\" datetime=\"2017-03-11T18:38:16+00:00\">11. M\u00e4r 2017 um 10:38 Uhr<\/time><\/p>\n<\/div>\n<\/blockquote>\n<p><script async defer src=\"\/\/platform.instagram.com\/en_US\/embeds.js\"><\/script><\/p>\n<p><img loading=\"lazy\" decoding=\"async\" class=\"alignnone size-full wp-image-7755\" src=\"https:\/\/www.anonymekoeche.net\/wp-content\/uploads\/lampredotto-panino.jpg\" alt=\"Lampredotto Panino\" width=\"600\" height=\"470\" srcset=\"https:\/\/www.anonymekoeche.net\/wp-content\/uploads\/lampredotto-panino.jpg 600w, https:\/\/www.anonymekoeche.net\/wp-content\/uploads\/lampredotto-panino-300x235.jpg 300w\" sizes=\"auto, (max-width: 600px) 100vw, 600px\" \/><\/p>\n<p>Mein\u00a0<em>orgasmic sandwich face<\/em> sagt wohl mehr als tausend Worte.<\/p>\n<p><a href=\"https:\/\/www.anonymekoeche.net\/?attachment_id=7705\" rel=\"attachment wp-att-7705\"><img loading=\"lazy\" decoding=\"async\" class=\"alignnone size-full wp-image-7705\" src=\"https:\/\/www.anonymekoeche.net\/wp-content\/uploads\/lampredotto.jpg\" alt=\"Lampredotto\" width=\"600\" height=\"646\" srcset=\"https:\/\/www.anonymekoeche.net\/wp-content\/uploads\/lampredotto.jpg 600w, https:\/\/www.anonymekoeche.net\/wp-content\/uploads\/lampredotto-279x300.jpg 279w\" sizes=\"auto, (max-width: 600px) 100vw, 600px\" \/><\/a><\/p>\n<p>Ein paar kann ich trotzdem dazu sagen: Es schmeckt irrsinnig\u00a0gut. Das Br\u00f6tchen wird kurz in die Br\u00fche getunkt und ist dadurch weich und sehr saftig. Das Fleisch schmeckt wie das beste Suppenfleisch, das man je gegessen hat. Extrem zart, mit einem hohen Grad an Schmelz, wie ein gut durchzogenes Federst\u00fcck vom Rind und dazu der\u00a0buttrige Geschmack von Rindermark. Wahnsinn. Die essigbasierte Salsa verde steuert ein paar frische Akzente bei.<\/p>\n<p>Man kann nat\u00fcrlich auch anderswo essen gehen. Einfach ist es nicht in Florenz. Zugegeben. Es gibt doch eine \u00dcberzahl mittelm\u00e4ssiger Lokale mit einer, sagen wir mal, bilderbuchm\u00e4ssig\u00a0touristisch orientierten Ausrichtung.<\/p>\n<p><img loading=\"lazy\" decoding=\"async\" class=\"alignnone size-full wp-image-7707\" src=\"https:\/\/www.anonymekoeche.net\/wp-content\/uploads\/firenze.jpg\" alt=\"Firenze\" width=\"600\" height=\"759\" srcset=\"https:\/\/www.anonymekoeche.net\/wp-content\/uploads\/firenze.jpg 600w, https:\/\/www.anonymekoeche.net\/wp-content\/uploads\/firenze-237x300.jpg 237w\" sizes=\"auto, (max-width: 600px) 100vw, 600px\" \/><\/p>\n<p>Ein wenig besser war es da in der etwas versteckten <a href=\"http:\/\/www.casatrattoria.com\/trattoria-13-gobbi\/\" target=\"_blank\">Trattoria 13 Gobbi<\/a>, wo es unter anderem ebenso bilderbuchm\u00e4ssige Bistecche Fiorentine gibt.<\/p>\n<p><a href=\"https:\/\/www.anonymekoeche.net\/?attachment_id=7750\" rel=\"attachment wp-att-7750\"><img loading=\"lazy\" decoding=\"async\" class=\"alignnone size-full wp-image-7750\" src=\"https:\/\/www.anonymekoeche.net\/wp-content\/uploads\/13-gobbi.jpg\" alt=\"13 Gobbi\" width=\"600\" height=\"771\" srcset=\"https:\/\/www.anonymekoeche.net\/wp-content\/uploads\/13-gobbi.jpg 600w, https:\/\/www.anonymekoeche.net\/wp-content\/uploads\/13-gobbi-233x300.jpg 233w\" sizes=\"auto, (max-width: 600px) 100vw, 600px\" \/><\/a><\/p>\n<p>Ciao Firenze! Es war sch\u00f6n bei dir. Merkt euch jetzt schon die TASTE 13 vor!<\/p>\n<p><a href=\"https:\/\/www.anonymekoeche.net\/?attachment_id=7752\" rel=\"attachment wp-att-7752\"><img loading=\"lazy\" decoding=\"async\" class=\"alignnone size-full wp-image-7752\" src=\"https:\/\/www.anonymekoeche.net\/wp-content\/uploads\/san-frediano-in-cestello.jpg\" alt=\"San Frediano in Cestello\" width=\"600\" height=\"772\" srcset=\"https:\/\/www.anonymekoeche.net\/wp-content\/uploads\/san-frediano-in-cestello.jpg 600w, https:\/\/www.anonymekoeche.net\/wp-content\/uploads\/san-frediano-in-cestello-233x300.jpg 233w\" sizes=\"auto, (max-width: 600px) 100vw, 600px\" \/><\/a><\/p>\n<!-- AddThis Advanced Settings generic via filter on the_content --><!-- AddThis Share Buttons generic via filter on the_content -->","protected":false},"excerpt":{"rendered":"<p>Schon mal etwas von Trombolotto geh\u00f6rt? Oder von Spaccasassi? Jemals Ventricina probiert? Oder kandierte Chinotto-Bitterorangen gegessen? Diese und hunderte weitere Spezialit\u00e4ten aus allen Regionen Italiens gab es an der 12.\u00a0PITTI TASTE\u00a0in Florenz zu entdecken und zu degustieren. Ich habe mich\u00a0durch die faszinierende Foodmesse geschlemmt und mich\u00a0vom fr\u00fchlingshaften Charme der Stadt verf\u00fchren lassen. Selten erreicht der [&hellip;]<!-- AddThis Advanced Settings generic via filter on wp_trim_excerpt --><!-- AddThis Share Buttons generic via filter on wp_trim_excerpt --><\/p>\n","protected":false},"author":3,"featured_media":0,"comment_status":"open","ping_status":"open","sticky":false,"template":"","format":"standard","meta":{"footnotes":""},"categories":[1,3,4],"tags":[955,864,952,953,954,349,950,951,109],"class_list":["post-7702","post","type-post","status-publish","format-standard","hentry","category-allgemein","category-gegessen","category-gesehen","tag-autogrill","tag-eataly","tag-firenze","tag-florenz","tag-foodmesse","tag-italien","tag-pitti-taste","tag-taste-12","tag-toskana"],"_links":{"self":[{"href":"https:\/\/www.anonymekoeche.net\/index.php?rest_route=\/wp\/v2\/posts\/7702","targetHints":{"allow":["GET"]}}],"collection":[{"href":"https:\/\/www.anonymekoeche.net\/index.php?rest_route=\/wp\/v2\/posts"}],"about":[{"href":"https:\/\/www.anonymekoeche.net\/index.php?rest_route=\/wp\/v2\/types\/post"}],"author":[{"embeddable":true,"href":"https:\/\/www.anonymekoeche.net\/index.php?rest_route=\/wp\/v2\/users\/3"}],"replies":[{"embeddable":true,"href":"https:\/\/www.anonymekoeche.net\/index.php?rest_route=%2Fwp%2Fv2%2Fcomments&post=7702"}],"version-history":[{"count":39,"href":"https:\/\/www.anonymekoeche.net\/index.php?rest_route=\/wp\/v2\/posts\/7702\/revisions"}],"predecessor-version":[{"id":7784,"href":"https:\/\/www.anonymekoeche.net\/index.php?rest_route=\/wp\/v2\/posts\/7702\/revisions\/7784"}],"wp:attachment":[{"href":"https:\/\/www.anonymekoeche.net\/index.php?rest_route=%2Fwp%2Fv2%2Fmedia&parent=7702"}],"wp:term":[{"taxonomy":"category","embeddable":true,"href":"https:\/\/www.anonymekoeche.net\/index.php?rest_route=%2Fwp%2Fv2%2Fcategories&post=7702"},{"taxonomy":"post_tag","embeddable":true,"href":"https:\/\/www.anonymekoeche.net\/index.php?rest_route=%2Fwp%2Fv2%2Ftags&post=7702"}],"curies":[{"name":"wp","href":"https:\/\/api.w.org\/{rel}","templated":true}]}}