{"id":8547,"date":"2018-12-03T01:31:53","date_gmt":"2018-12-03T00:31:53","guid":{"rendered":"https:\/\/www.anonymekoeche.net\/?p=8547"},"modified":"2018-12-04T00:14:56","modified_gmt":"2018-12-03T23:14:56","slug":"sharing-is-caring","status":"publish","type":"post","link":"https:\/\/www.anonymekoeche.net\/?p=8547","title":{"rendered":"Sharing is caring."},"content":{"rendered":"<p><a href=\"https:\/\/www.anonymekoeche.net\/?attachment_id=8567\" rel=\"attachment wp-att-8567\"><img loading=\"lazy\" decoding=\"async\" class=\"alignnone size-full wp-image-8567\" src=\"https:\/\/www.anonymekoeche.net\/wp-content\/uploads\/Eier_s.jpg\" alt=\"Ei Royale IGNIV\" width=\"600\" height=\"706\" srcset=\"https:\/\/www.anonymekoeche.net\/wp-content\/uploads\/Eier_s.jpg 600w, https:\/\/www.anonymekoeche.net\/wp-content\/uploads\/Eier_s-255x300.jpg 255w\" sizes=\"auto, (max-width: 600px) 100vw, 600px\" \/><\/a><\/p>\n<p>Ei Royale gef\u00fcllt mit Pilzen und einem Sellerieschaum.<\/p>\n<p>So startete das beste, bewegendste und brillanteste Essen dieses Jahres. Im <a href=\"http:\/\/igniv.com\/\" target=\"_blank\" rel=\"noopener\">IGNIV<\/a> by Andreas Caminada. Am 20. Dezember \u00f6ffnet das Restaurant wieder und geht im <a href=\"https:\/\/www.badruttspalace.com\/de\" target=\"_blank\" rel=\"noopener\">Badrutt&#8217;s Palace<\/a> Hotel St. Moritz in die zweite Wintersaison.<\/p>\n<p>Wer, wie ich, Essen und essen gehen \u00fcber alles liebt, macht sich und Gleichgesinnten mit einem Besuch bei K\u00fcchenchef Marcel Skibba ein unvergessliches Geschenk.<\/p>\n<p>Was sich hier verbindet, ist einzigartig. Angefangen bei der Idee. Andreas Caminada nennt sein ungezwungenes gastronomisches Konzept \u00abFine-Dining-Sharing-Experience\u00bb.<\/p>\n<p>Im Igniv, R\u00e4toromanisch f\u00fcr Nest, geht es um das\u00a0Teilen von Zeit, Genuss und Kulinarik. Es ist das zweite seiner Art.\u00a0Das erste ist im\u00a0Grand\u00a0Resort Bad Ragaz. Dort kocht K\u00fcchenchef Silvio German ebenso grandios. Beide IGNIV sind mit einem Michelin-Stern ausgezeichnet.<\/p>\n<p>In drei G\u00e4ngen werden 20 Gerichte serviert, die auf den ersten Blick fast zu sch\u00f6n sind, um gegessen zu werden. Herausragende, kreative, \u00fcberraschende, handwerklich pr\u00e4zise und geschmacklich intensive Gerichte.<\/p>\n<p>Und obwohl sie optisch so strahlen, sind sie kein bisschen Blendwerke. Jede Zutat und jedes Element ist perfekt aufeinander abgestimmt. Man darf bei den H\u00e4ppchen auch mal ganz l\u00e4ssig mit den H\u00e4nden zugreifen. Die Stimmung ist casual, der Service super charmant.<\/p>\n<p>Hinzu kommt eine charismatische Ambiance. Die spanische Stardesignerin Patricia Urquiola verbindet die ehemalige privaten Stube von Caspar Badrutt aus dunklem T\u00e4fer mit einem modernen Retro-Ambiente, das jedem Bond-Streifen als Setting dienen k\u00f6nnte.<\/p>\n<p>Aber genug der Worte. Ich lasse meine Bilder schwelgend Revue passieren.<\/p>\n<p><a href=\"https:\/\/www.anonymekoeche.net\/?attachment_id=8559\" rel=\"attachment wp-att-8559\"><img loading=\"lazy\" decoding=\"async\" class=\"alignnone size-full wp-image-8559\" src=\"https:\/\/www.anonymekoeche.net\/wp-content\/uploads\/Luftbrot_s.jpg\" alt=\"Luftbrot IGNIV\" width=\"600\" height=\"425\" srcset=\"https:\/\/www.anonymekoeche.net\/wp-content\/uploads\/Luftbrot_s.jpg 600w, https:\/\/www.anonymekoeche.net\/wp-content\/uploads\/Luftbrot_s-300x213.jpg 300w\" sizes=\"auto, (max-width: 600px) 100vw, 600px\" \/><\/a><\/p>\n<p>Luftige, knusprige Brotkissen gef\u00fcllt mit Langustine.<\/p>\n<p><a href=\"https:\/\/www.anonymekoeche.net\/?attachment_id=8562\" rel=\"attachment wp-att-8562\"><img loading=\"lazy\" decoding=\"async\" class=\"alignnone size-full wp-image-8562\" src=\"https:\/\/www.anonymekoeche.net\/wp-content\/uploads\/Rotkohl_s.jpg\" alt=\"Rotkohl IGNIV\" width=\"600\" height=\"617\" srcset=\"https:\/\/www.anonymekoeche.net\/wp-content\/uploads\/Rotkohl_s.jpg 600w, https:\/\/www.anonymekoeche.net\/wp-content\/uploads\/Rotkohl_s-292x300.jpg 292w\" sizes=\"auto, (max-width: 600px) 100vw, 600px\" \/><\/a><\/p>\n<p>Raffiniert: Rotkohl umh\u00fcllt mit Senf.<\/p>\n<p><a href=\"https:\/\/www.anonymekoeche.net\/?attachment_id=8548\" rel=\"attachment wp-att-8548\"><img loading=\"lazy\" decoding=\"async\" class=\"alignnone size-full wp-image-8548\" src=\"https:\/\/www.anonymekoeche.net\/wp-content\/uploads\/Artischocken_s.jpg\" alt=\"Artischocken\" width=\"600\" height=\"554\" srcset=\"https:\/\/www.anonymekoeche.net\/wp-content\/uploads\/Artischocken_s.jpg 600w, https:\/\/www.anonymekoeche.net\/wp-content\/uploads\/Artischocken_s-300x277.jpg 300w\" sizes=\"auto, (max-width: 600px) 100vw, 600px\" \/><\/a><\/p>\n<p>Artischockenboden gef\u00fcllt mit einer Cr\u00e8me aus Feldsalat.<\/p>\n<p><a href=\"https:\/\/www.anonymekoeche.net\/?attachment_id=8551\" rel=\"attachment wp-att-8551\"><img loading=\"lazy\" decoding=\"async\" class=\"alignnone size-full wp-image-8551\" src=\"https:\/\/www.anonymekoeche.net\/wp-content\/uploads\/Cracker_s.jpg\" alt=\"\" width=\"600\" height=\"809\" srcset=\"https:\/\/www.anonymekoeche.net\/wp-content\/uploads\/Cracker_s.jpg 600w, https:\/\/www.anonymekoeche.net\/wp-content\/uploads\/Cracker_s-222x300.jpg 222w\" sizes=\"auto, (max-width: 600px) 100vw, 600px\" \/><\/a><\/p>\n<p>Leichte Kartoffel-Cracker.<\/p>\n<p><a href=\"https:\/\/www.anonymekoeche.net\/?attachment_id=8572\" rel=\"attachment wp-att-8572\"><img loading=\"lazy\" decoding=\"async\" class=\"alignnone size-full wp-image-8572\" src=\"https:\/\/www.anonymekoeche.net\/wp-content\/uploads\/Tatar_s-1.jpg\" alt=\"Rindstatar IGNIV\" width=\"600\" height=\"597\" srcset=\"https:\/\/www.anonymekoeche.net\/wp-content\/uploads\/Tatar_s-1.jpg 600w, https:\/\/www.anonymekoeche.net\/wp-content\/uploads\/Tatar_s-1-150x150.jpg 150w, https:\/\/www.anonymekoeche.net\/wp-content\/uploads\/Tatar_s-1-300x300.jpg 300w\" sizes=\"auto, (max-width: 600px) 100vw, 600px\" \/><\/a><\/p>\n<p>W\u00fcrziges Rindstatar mit Sauerrahm und Schwarzwurzel.<\/p>\n<p><a href=\"https:\/\/www.anonymekoeche.net\/?attachment_id=8566\" rel=\"attachment wp-att-8566\"><img loading=\"lazy\" decoding=\"async\" class=\"alignnone size-full wp-image-8566\" src=\"https:\/\/www.anonymekoeche.net\/wp-content\/uploads\/Zander_s-1.jpg\" alt=\"Zander\" width=\"600\" height=\"782\" srcset=\"https:\/\/www.anonymekoeche.net\/wp-content\/uploads\/Zander_s-1.jpg 600w, https:\/\/www.anonymekoeche.net\/wp-content\/uploads\/Zander_s-1-230x300.jpg 230w\" sizes=\"auto, (max-width: 600px) 100vw, 600px\" \/><\/a><\/p>\n<p>Zauberhaft marinierter Zander im Safransud mit Kohlrabi.<\/p>\n<p><a href=\"https:\/\/www.anonymekoeche.net\/?attachment_id=8554\" rel=\"attachment wp-att-8554\"><img loading=\"lazy\" decoding=\"async\" class=\"alignnone size-full wp-image-8554\" src=\"https:\/\/www.anonymekoeche.net\/wp-content\/uploads\/Entenleber_s.jpg\" alt=\"Entenleber\" width=\"600\" height=\"674\" srcset=\"https:\/\/www.anonymekoeche.net\/wp-content\/uploads\/Entenleber_s.jpg 600w, https:\/\/www.anonymekoeche.net\/wp-content\/uploads\/Entenleber_s-267x300.jpg 267w\" sizes=\"auto, (max-width: 600px) 100vw, 600px\" \/><\/a><\/p>\n<p>Entenleber mit Joghurt und Physalis.<\/p>\n<p><a href=\"https:\/\/www.anonymekoeche.net\/?attachment_id=8558\" rel=\"attachment wp-att-8558\"><img loading=\"lazy\" decoding=\"async\" class=\"alignnone size-full wp-image-8558\" src=\"https:\/\/www.anonymekoeche.net\/wp-content\/uploads\/Kopfsalat_s.jpg\" alt=\"\" width=\"600\" height=\"694\" srcset=\"https:\/\/www.anonymekoeche.net\/wp-content\/uploads\/Kopfsalat_s.jpg 600w, https:\/\/www.anonymekoeche.net\/wp-content\/uploads\/Kopfsalat_s-259x300.jpg 259w\" sizes=\"auto, (max-width: 600px) 100vw, 600px\" \/><\/a><\/p>\n<p>Einer der vielen Signature-Dishes: Kopfsalatherz mit Tr\u00fcffel-Vinaigrette.<\/p>\n<p><a href=\"https:\/\/www.anonymekoeche.net\/?attachment_id=8563\" rel=\"attachment wp-att-8563\"><img loading=\"lazy\" decoding=\"async\" class=\"alignnone size-full wp-image-8563\" src=\"https:\/\/www.anonymekoeche.net\/wp-content\/uploads\/Saibling_s.jpg\" alt=\"Saibling\" width=\"600\" height=\"708\" srcset=\"https:\/\/www.anonymekoeche.net\/wp-content\/uploads\/Saibling_s.jpg 600w, https:\/\/www.anonymekoeche.net\/wp-content\/uploads\/Saibling_s-254x300.jpg 254w\" sizes=\"auto, (max-width: 600px) 100vw, 600px\" \/><\/a><\/p>\n<p>Zarter Saibling mit Sauerkraut und Kartoffeln.<\/p>\n<p><a href=\"https:\/\/www.anonymekoeche.net\/?attachment_id=8565\" rel=\"attachment wp-att-8565\"><img loading=\"lazy\" decoding=\"async\" class=\"alignnone size-full wp-image-8565\" src=\"https:\/\/www.anonymekoeche.net\/wp-content\/uploads\/Wintersalat_s.jpg\" alt=\"Wintersalat\" width=\"600\" height=\"713\" srcset=\"https:\/\/www.anonymekoeche.net\/wp-content\/uploads\/Wintersalat_s.jpg 600w, https:\/\/www.anonymekoeche.net\/wp-content\/uploads\/Wintersalat_s-252x300.jpg 252w\" sizes=\"auto, (max-width: 600px) 100vw, 600px\" \/><\/a><\/p>\n<p>Farblich wie geschmacklich intensiver Wintersalat.<\/p>\n<p><a href=\"https:\/\/www.anonymekoeche.net\/?attachment_id=8568\" rel=\"attachment wp-att-8568\"><img loading=\"lazy\" decoding=\"async\" class=\"alignnone size-full wp-image-8568\" src=\"https:\/\/www.anonymekoeche.net\/wp-content\/uploads\/Hamachi_s.jpg\" alt=\"\" width=\"600\" height=\"618\" srcset=\"https:\/\/www.anonymekoeche.net\/wp-content\/uploads\/Hamachi_s.jpg 600w, https:\/\/www.anonymekoeche.net\/wp-content\/uploads\/Hamachi_s-291x300.jpg 291w\" sizes=\"auto, (max-width: 600px) 100vw, 600px\" \/><\/a><\/p>\n<p>Gefl\u00e4mmter Hamachi mit Avocado und Rettich.<\/p>\n<p><a href=\"https:\/\/www.anonymekoeche.net\/?attachment_id=8555\" rel=\"attachment wp-att-8555\"><img loading=\"lazy\" decoding=\"async\" class=\"alignnone size-full wp-image-8555\" src=\"https:\/\/www.anonymekoeche.net\/wp-content\/uploads\/Fischsuppe_s-1.jpg\" alt=\"Fischsuppe\" width=\"600\" height=\"476\" srcset=\"https:\/\/www.anonymekoeche.net\/wp-content\/uploads\/Fischsuppe_s-1.jpg 600w, https:\/\/www.anonymekoeche.net\/wp-content\/uploads\/Fischsuppe_s-1-300x238.jpg 300w\" sizes=\"auto, (max-width: 600px) 100vw, 600px\" \/><\/a><\/p>\n<p>Wahnsinnig tiefgr\u00fcndige Fischsuppe.<\/p>\n<p><a href=\"https:\/\/www.anonymekoeche.net\/?attachment_id=8570\" rel=\"attachment wp-att-8570\"><img loading=\"lazy\" decoding=\"async\" class=\"alignnone size-full wp-image-8570\" src=\"https:\/\/www.anonymekoeche.net\/wp-content\/uploads\/Nuggets_s.jpg\" alt=\"\" width=\"600\" height=\"691\" srcset=\"https:\/\/www.anonymekoeche.net\/wp-content\/uploads\/Nuggets_s.jpg 600w, https:\/\/www.anonymekoeche.net\/wp-content\/uploads\/Nuggets_s-260x300.jpg 260w\" sizes=\"auto, (max-width: 600px) 100vw, 600px\" \/><\/a><\/p>\n<p>Ger\u00e4ucherte Nuggets vom Val Lumnezia-Huhn mit BBQ-Sauce.<\/p>\n<p><a href=\"https:\/\/www.anonymekoeche.net\/?attachment_id=8561\" rel=\"attachment wp-att-8561\"><img loading=\"lazy\" decoding=\"async\" class=\"alignnone size-full wp-image-8561\" src=\"https:\/\/www.anonymekoeche.net\/wp-content\/uploads\/Rinderbrust_s.jpg\" alt=\"\" width=\"600\" height=\"598\" srcset=\"https:\/\/www.anonymekoeche.net\/wp-content\/uploads\/Rinderbrust_s.jpg 600w, https:\/\/www.anonymekoeche.net\/wp-content\/uploads\/Rinderbrust_s-150x150.jpg 150w, https:\/\/www.anonymekoeche.net\/wp-content\/uploads\/Rinderbrust_s-300x300.jpg 300w\" sizes=\"auto, (max-width: 600px) 100vw, 600px\" \/><\/a><\/p>\n<p>Im Heu gegarte Rinderbrust mit Krautsalat.<\/p>\n<p><a href=\"https:\/\/www.anonymekoeche.net\/?attachment_id=8553\" rel=\"attachment wp-att-8553\"><img loading=\"lazy\" decoding=\"async\" class=\"alignnone size-full wp-image-8553\" src=\"https:\/\/www.anonymekoeche.net\/wp-content\/uploads\/Ente_s.jpg\" alt=\"Ente\" width=\"600\" height=\"422\" srcset=\"https:\/\/www.anonymekoeche.net\/wp-content\/uploads\/Ente_s.jpg 600w, https:\/\/www.anonymekoeche.net\/wp-content\/uploads\/Ente_s-300x211.jpg 300w\" sizes=\"auto, (max-width: 600px) 100vw, 600px\" \/><\/a><\/p>\n<p>Entenbrust mit Topinambur, Cicorino rosso und Apfel.<\/p>\n<p><a href=\"https:\/\/www.anonymekoeche.net\/?attachment_id=8571\" rel=\"attachment wp-att-8571\"><img loading=\"lazy\" decoding=\"async\" class=\"alignnone size-full wp-image-8571\" src=\"https:\/\/www.anonymekoeche.net\/wp-content\/uploads\/Schweinebauch_s.jpg\" alt=\"\" width=\"600\" height=\"740\" srcset=\"https:\/\/www.anonymekoeche.net\/wp-content\/uploads\/Schweinebauch_s.jpg 600w, https:\/\/www.anonymekoeche.net\/wp-content\/uploads\/Schweinebauch_s-243x300.jpg 243w\" sizes=\"auto, (max-width: 600px) 100vw, 600px\" \/><\/a><\/p>\n<p>Brutal knuspriger und saftiger Schweinebauch mit Quitte und Zwiebel.<\/p>\n<p><a href=\"https:\/\/www.anonymekoeche.net\/?attachment_id=8556\" rel=\"attachment wp-att-8556\"><img loading=\"lazy\" decoding=\"async\" class=\"alignnone size-full wp-image-8556\" src=\"https:\/\/www.anonymekoeche.net\/wp-content\/uploads\/Kalbsbries_s.jpg\" alt=\"\" width=\"600\" height=\"446\" srcset=\"https:\/\/www.anonymekoeche.net\/wp-content\/uploads\/Kalbsbries_s.jpg 600w, https:\/\/www.anonymekoeche.net\/wp-content\/uploads\/Kalbsbries_s-300x223.jpg 300w\" sizes=\"auto, (max-width: 600px) 100vw, 600px\" \/><\/a><\/p>\n<p>Kablsbries knusprig gebacken mit cremigem Blumenkohl und Tr\u00fcffel.<\/p>\n<p><a href=\"https:\/\/www.anonymekoeche.net\/?attachment_id=8557\" rel=\"attachment wp-att-8557\"><img loading=\"lazy\" decoding=\"async\" class=\"alignnone size-full wp-image-8557\" src=\"https:\/\/www.anonymekoeche.net\/wp-content\/uploads\/Karamel_s.jpg\" alt=\"\" width=\"600\" height=\"578\" srcset=\"https:\/\/www.anonymekoeche.net\/wp-content\/uploads\/Karamel_s.jpg 600w, https:\/\/www.anonymekoeche.net\/wp-content\/uploads\/Karamel_s-300x289.jpg 300w\" sizes=\"auto, (max-width: 600px) 100vw, 600px\" \/><\/a><\/p>\n<p>Die Dessert-Riege startete mit einem Karamell-\u00dcberraschungsei.<\/p>\n<p><a href=\"https:\/\/www.anonymekoeche.net\/?attachment_id=8552\" rel=\"attachment wp-att-8552\"><img loading=\"lazy\" decoding=\"async\" class=\"alignnone size-full wp-image-8552\" src=\"https:\/\/www.anonymekoeche.net\/wp-content\/uploads\/Engadiner-Eischnee_s.jpg\" alt=\"\" width=\"600\" height=\"799\" srcset=\"https:\/\/www.anonymekoeche.net\/wp-content\/uploads\/Engadiner-Eischnee_s.jpg 600w, https:\/\/www.anonymekoeche.net\/wp-content\/uploads\/Engadiner-Eischnee_s-225x300.jpg 225w\" sizes=\"auto, (max-width: 600px) 100vw, 600px\" \/><\/a><\/p>\n<p>Klassische \u00cele flottante als &#8222;Engadiner Berggipfel&#8220;.<\/p>\n<p><a href=\"https:\/\/www.anonymekoeche.net\/?attachment_id=8560\" rel=\"attachment wp-att-8560\"><img loading=\"lazy\" decoding=\"async\" class=\"alignnone size-full wp-image-8560\" src=\"https:\/\/www.anonymekoeche.net\/wp-content\/uploads\/Mandarine_s.jpg\" alt=\"\" width=\"600\" height=\"770\" srcset=\"https:\/\/www.anonymekoeche.net\/wp-content\/uploads\/Mandarine_s.jpg 600w, https:\/\/www.anonymekoeche.net\/wp-content\/uploads\/Mandarine_s-234x300.jpg 234w\" sizes=\"auto, (max-width: 600px) 100vw, 600px\" \/><\/a><\/p>\n<p>Erfrischende Mandarinen-Granit\u00e9.<\/p>\n<p><a href=\"https:\/\/www.anonymekoeche.net\/?attachment_id=8564\" rel=\"attachment wp-att-8564\"><img loading=\"lazy\" decoding=\"async\" class=\"alignnone size-full wp-image-8564\" src=\"https:\/\/www.anonymekoeche.net\/wp-content\/uploads\/Schokolade_s.jpg\" alt=\"\" width=\"600\" height=\"646\" srcset=\"https:\/\/www.anonymekoeche.net\/wp-content\/uploads\/Schokolade_s.jpg 600w, https:\/\/www.anonymekoeche.net\/wp-content\/uploads\/Schokolade_s-279x300.jpg 279w\" sizes=\"auto, (max-width: 600px) 100vw, 600px\" \/><\/a><\/p>\n<p>Schokolade mit Variation von der Zwetschge.<\/p>\n<p><a href=\"https:\/\/www.anonymekoeche.net\/?attachment_id=8569\" rel=\"attachment wp-att-8569\"><img loading=\"lazy\" decoding=\"async\" class=\"alignnone size-full wp-image-8569\" src=\"https:\/\/www.anonymekoeche.net\/wp-content\/uploads\/Mango_s.jpg\" alt=\"\" width=\"600\" height=\"695\" srcset=\"https:\/\/www.anonymekoeche.net\/wp-content\/uploads\/Mango_s.jpg 600w, https:\/\/www.anonymekoeche.net\/wp-content\/uploads\/Mango_s-259x300.jpg 259w\" sizes=\"auto, (max-width: 600px) 100vw, 600px\" \/><\/a><\/p>\n<p>Unglaublich frische Mango mit Koriander!<\/p>\n<p><a href=\"https:\/\/www.anonymekoeche.net\/?attachment_id=8549\" rel=\"attachment wp-att-8549\"><img loading=\"lazy\" decoding=\"async\" class=\"alignnone size-full wp-image-8549\" src=\"https:\/\/www.anonymekoeche.net\/wp-content\/uploads\/Bratapfel_s.jpg\" alt=\"\" width=\"600\" height=\"400\" srcset=\"https:\/\/www.anonymekoeche.net\/wp-content\/uploads\/Bratapfel_s.jpg 600w, https:\/\/www.anonymekoeche.net\/wp-content\/uploads\/Bratapfel_s-300x200.jpg 300w\" sizes=\"auto, (max-width: 600px) 100vw, 600px\" \/><\/a><\/p>\n<p>Bratapfel mit Zimteis.<\/p>\n<p><a href=\"https:\/\/www.anonymekoeche.net\/?attachment_id=8576\" rel=\"attachment wp-att-8576\"><img loading=\"lazy\" decoding=\"async\" class=\"alignnone size-full wp-image-8576\" src=\"https:\/\/www.anonymekoeche.net\/wp-content\/uploads\/candystore_s.jpg\" alt=\"\" width=\"600\" height=\"434\" srcset=\"https:\/\/www.anonymekoeche.net\/wp-content\/uploads\/candystore_s.jpg 600w, https:\/\/www.anonymekoeche.net\/wp-content\/uploads\/candystore_s-300x217.jpg 300w\" sizes=\"auto, (max-width: 600px) 100vw, 600px\" \/><\/a><\/p>\n<p>Zum Abschied gibts beim Ausgang aus dem Candystore was das Herz begehrt.<\/p>\n<!-- AddThis Advanced Settings generic via filter on the_content --><!-- AddThis Share Buttons generic via filter on the_content -->","protected":false},"excerpt":{"rendered":"<p>Ei Royale gef\u00fcllt mit Pilzen und einem Sellerieschaum. So startete das beste, bewegendste und brillanteste Essen dieses Jahres. Im IGNIV by Andreas Caminada. Am 20. Dezember \u00f6ffnet das Restaurant wieder und geht im Badrutt&#8217;s Palace Hotel St. Moritz in die zweite Wintersaison. Wer, wie ich, Essen und essen gehen \u00fcber alles liebt, macht sich und [&hellip;]<!-- AddThis Advanced Settings generic via filter on wp_trim_excerpt --><!-- AddThis Share Buttons generic via filter on wp_trim_excerpt --><\/p>\n","protected":false},"author":3,"featured_media":0,"comment_status":"open","ping_status":"open","sticky":false,"template":"","format":"standard","meta":{"footnotes":""},"categories":[1,3],"tags":[961,589,693,1094,1095,217,583],"class_list":["post-8547","post","type-post","status-publish","format-standard","hentry","category-allgemein","category-gegessen","tag-andreas-caminada","tag-badrutts-palace-hotel","tag-engadin","tag-igniv","tag-marcel-skibba","tag-schweiz","tag-st-moritz"],"_links":{"self":[{"href":"https:\/\/www.anonymekoeche.net\/index.php?rest_route=\/wp\/v2\/posts\/8547","targetHints":{"allow":["GET"]}}],"collection":[{"href":"https:\/\/www.anonymekoeche.net\/index.php?rest_route=\/wp\/v2\/posts"}],"about":[{"href":"https:\/\/www.anonymekoeche.net\/index.php?rest_route=\/wp\/v2\/types\/post"}],"author":[{"embeddable":true,"href":"https:\/\/www.anonymekoeche.net\/index.php?rest_route=\/wp\/v2\/users\/3"}],"replies":[{"embeddable":true,"href":"https:\/\/www.anonymekoeche.net\/index.php?rest_route=%2Fwp%2Fv2%2Fcomments&post=8547"}],"version-history":[{"count":14,"href":"https:\/\/www.anonymekoeche.net\/index.php?rest_route=\/wp\/v2\/posts\/8547\/revisions"}],"predecessor-version":[{"id":8589,"href":"https:\/\/www.anonymekoeche.net\/index.php?rest_route=\/wp\/v2\/posts\/8547\/revisions\/8589"}],"wp:attachment":[{"href":"https:\/\/www.anonymekoeche.net\/index.php?rest_route=%2Fwp%2Fv2%2Fmedia&parent=8547"}],"wp:term":[{"taxonomy":"category","embeddable":true,"href":"https:\/\/www.anonymekoeche.net\/index.php?rest_route=%2Fwp%2Fv2%2Fcategories&post=8547"},{"taxonomy":"post_tag","embeddable":true,"href":"https:\/\/www.anonymekoeche.net\/index.php?rest_route=%2Fwp%2Fv2%2Ftags&post=8547"}],"curies":[{"name":"wp","href":"https:\/\/api.w.org\/{rel}","templated":true}]}}