{"id":858,"date":"2009-09-07T23:23:19","date_gmt":"2009-09-07T21:23:19","guid":{"rendered":"http:\/\/www.anonymekoeche.net\/?p=858"},"modified":"2009-09-07T23:56:40","modified_gmt":"2009-09-07T21:56:40","slug":"gute-unterhaltung-2","status":"publish","type":"post","link":"https:\/\/www.anonymekoeche.net\/?p=858","title":{"rendered":"Gute Unterhaltung"},"content":{"rendered":"<p><img loading=\"lazy\" decoding=\"async\" class=\"alignnone size-full wp-image-859\" src=\"https:\/\/www.anonymekoeche.net\/wp-content\/uploads\/Weiler_Plakat.jpg\" alt=\"\" width=\"600\" height=\"400\" srcset=\"https:\/\/www.anonymekoeche.net\/wp-content\/uploads\/Weiler_Plakat.jpg 600w, https:\/\/www.anonymekoeche.net\/wp-content\/uploads\/Weiler_Plakat-300x200.jpg 300w\" sizes=\"auto, (max-width: 600px) 100vw, 600px\" \/><\/p>\n<p>Ob\u2018s mir nun schmeckt oder nicht. Ich habe der Leseschaft hier versprochen, Video- und Audiomaterial \u00fcber meine Buchver\u00f6ffentlichung zu servieren.<\/p>\n<p>Ich frage mich nat\u00fcrlich mittlerweile schon, ob dadurch das Ende des \u201eanonymen\u201c Kochs eingel\u00e4utet wird, oder ob das nicht auch die Er\u00f6ffnungsmelodie zu einer Erfolgsgeschichte sein k\u00f6nnte.<\/p>\n<p>Denn so richtig geplant war das ja alles nicht. Da setzt man aus reiner Notwehr einen Blog ins Netz (h\u00f6ren wollte mein Kochges\u00fclze ja schon lange niemand mehr, aber raus musste es trotzdem und wer immer es lesen wollte \u2013 ich habe ihn nicht dazu gezwungen) und dann kommt ein Verlag und bringt ein Stein nach dem anderen ins Rollen.<\/p>\n<p>Wie auch immer, es bleibt spannend und es macht Freude und es ist angerichtet. Bon app!<\/p>\n<p><a href=\"http:\/\/www.gu-online.de\/gu-online\/kochenundverwoehnen\/index.php\" target=\"_blank\">G|U<\/a> <strong>Video-Portr\u00e4t vom 1. September 2009<\/strong><\/p>\n<p>Film <a href=\"http:\/\/www.kuechengoetter.de\/video\/Kuechenpraxis-Videos-16025\/1049436\/Anonyme-Koeche.html\" target=\"_blank\">ansehen<\/a><\/p>\n<p>Auch wenn ich hier wie ein Gebrauchtwagenh\u00e4ndler wirke, in Wirklichkeit bin ich weder Roadsterbesitzer noch brate ich mir einen halben Ochsen auf einem Parkdeck. Schon gar nicht auf einem Campingkocher! Aber hey, das hier ist Film, nicht die Realit\u00e4t (aber sch\u00f6n war es trotzdem und das Fleisch war brachial gut!)<\/p>\n<p><a href=\"http:\/\/www.blr.de\/\" target=\"_blank\">BLR<\/a> | <a href=\"http:\/\/www.radiodienst.de\/\" target=\"_blank\">Radiodienst<\/a> <strong>Radiointerview vom 31. August 2009<\/strong><\/p>\n<p><a href=\"https:\/\/www.anonymekoeche.net\/wp-content\/uploads\/AK-Interview-Radiodienst1.mp3\">AK Interview Radiodienst<\/a><\/p>\n<p>Ich glaube, ich brauche einen Sprachcoach. Schweizerdeutsch denken und Hochdeutsch sprechen verz\u00f6gert meinen verbalen Output um gef\u00fchlte dreissig Bremsfallschirme.<\/p>\n<p><a href=\"http:\/\/www.radio1.ch\/\" target=\"_blank\">Radio1<\/a> <strong>Radiointerview vom 31. August 2009<\/strong><\/p>\n<p><a href=\"https:\/\/www.anonymekoeche.net\/wp-content\/uploads\/AK-Interview-Radio11.mp3\">AK Interview Radio1<\/a><\/p>\n<p>Ja, liebe Nichthelvetier. So klingt Schweizerdeutsch. Sie Z\u00fcrit\u00fc\u00fctsch, ich Baslerisch. Vergesst nicht, wenn ihr euch beim Lachen fast bepinkelt, dass wir uns daf\u00fcr genau so herzhaft \u00fcber Bayerisch, Wienerisch, S\u00e4chsisch oder was auch immer am\u00fcsieren k\u00f6nnen.<\/p>\n<p><a href=\"http:\/\/brf.be\/brf\/ratgeber\/essen\/rezepte\/090904\" target=\"_blank\">BRF<\/a> <strong>Radiointerview vom 4. Septermber 2009<\/strong><\/p>\n<p><a href=\"https:\/\/www.anonymekoeche.net\/wp-content\/uploads\/AK-Interview-brf1.mp3\">AK Interview brf1<\/a><strong><\/strong><\/p>\n<p>Weder der Belgische Rundfunk an sich war mir bisher bekannt, noch die Tatsache, dass dort ebenfalls Deutsch gesprochen wird. Dass die Moderatorin nach dem Interview einen <a href=\"http:\/\/www.youtube.com\/watch?v=iZ9vkd7Rp-g\" target=\"_blank\">Song<\/a> von Emil\u00edana Torrini einspielt, der mit \u201eHey, I\u2018m in love\u201c beginnt, nehme ich jetzt mal als belgische Charmoffensive.<\/p>\n<p>Zum Schluss \u2013 auch das noch: Der erste Paparazzo-Schuss. Ausgerechnet bei den Sonderangeboten in der Fleischabteilung eines italienischen Supermercatos! Dass dann perfiderweise auch noch \u201eWurstel\u201c \u00fcber meinem Haupt h\u00e4ngt, zeigt, wie niedertr\u00e4chtig Paparazzis operieren.<\/p>\n<p><img loading=\"lazy\" decoding=\"async\" class=\"alignnone size-full wp-image-860\" src=\"https:\/\/www.anonymekoeche.net\/wp-content\/uploads\/Paparazzo_Supermercato.jpg\" alt=\"\" width=\"600\" height=\"450\" srcset=\"https:\/\/www.anonymekoeche.net\/wp-content\/uploads\/Paparazzo_Supermercato.jpg 600w, https:\/\/www.anonymekoeche.net\/wp-content\/uploads\/Paparazzo_Supermercato-300x225.jpg 300w\" sizes=\"auto, (max-width: 600px) 100vw, 600px\" \/><\/p>\n<p>Habt Spass und esst was Anst\u00e4ndiges dazu.<\/p>\n<!-- AddThis Advanced Settings generic via filter on the_content --><!-- AddThis Share Buttons generic via filter on the_content -->","protected":false},"excerpt":{"rendered":"<p>Ob\u2018s mir nun schmeckt oder nicht. Ich habe der Leseschaft hier versprochen, Video- und Audiomaterial \u00fcber meine Buchver\u00f6ffentlichung zu servieren. Ich frage mich nat\u00fcrlich mittlerweile schon, ob dadurch das Ende des \u201eanonymen\u201c Kochs eingel\u00e4utet wird, oder ob das nicht auch die Er\u00f6ffnungsmelodie zu einer Erfolgsgeschichte sein k\u00f6nnte. Denn so richtig geplant war das ja alles [&hellip;]<!-- AddThis Advanced Settings generic via filter on wp_trim_excerpt --><!-- AddThis Share Buttons generic via filter on wp_trim_excerpt --><\/p>\n","protected":false},"author":3,"featured_media":0,"comment_status":"open","ping_status":"open","sticky":false,"template":"","format":"standard","meta":{"footnotes":""},"categories":[1,4],"tags":[],"class_list":["post-858","post","type-post","status-publish","format-standard","hentry","category-allgemein","category-gesehen"],"_links":{"self":[{"href":"https:\/\/www.anonymekoeche.net\/index.php?rest_route=\/wp\/v2\/posts\/858","targetHints":{"allow":["GET"]}}],"collection":[{"href":"https:\/\/www.anonymekoeche.net\/index.php?rest_route=\/wp\/v2\/posts"}],"about":[{"href":"https:\/\/www.anonymekoeche.net\/index.php?rest_route=\/wp\/v2\/types\/post"}],"author":[{"embeddable":true,"href":"https:\/\/www.anonymekoeche.net\/index.php?rest_route=\/wp\/v2\/users\/3"}],"replies":[{"embeddable":true,"href":"https:\/\/www.anonymekoeche.net\/index.php?rest_route=%2Fwp%2Fv2%2Fcomments&post=858"}],"version-history":[{"count":9,"href":"https:\/\/www.anonymekoeche.net\/index.php?rest_route=\/wp\/v2\/posts\/858\/revisions"}],"predecessor-version":[{"id":865,"href":"https:\/\/www.anonymekoeche.net\/index.php?rest_route=\/wp\/v2\/posts\/858\/revisions\/865"}],"wp:attachment":[{"href":"https:\/\/www.anonymekoeche.net\/index.php?rest_route=%2Fwp%2Fv2%2Fmedia&parent=858"}],"wp:term":[{"taxonomy":"category","embeddable":true,"href":"https:\/\/www.anonymekoeche.net\/index.php?rest_route=%2Fwp%2Fv2%2Fcategories&post=858"},{"taxonomy":"post_tag","embeddable":true,"href":"https:\/\/www.anonymekoeche.net\/index.php?rest_route=%2Fwp%2Fv2%2Ftags&post=858"}],"curies":[{"name":"wp","href":"https:\/\/api.w.org\/{rel}","templated":true}]}}