{"id":8836,"date":"2019-09-30T23:56:19","date_gmt":"2019-09-30T21:56:19","guid":{"rendered":"https:\/\/www.anonymekoeche.net\/?p=8836"},"modified":"2019-10-24T14:46:48","modified_gmt":"2019-10-24T12:46:48","slug":"veranstaltungen-im-herbst","status":"publish","type":"post","link":"https:\/\/www.anonymekoeche.net\/?p=8836","title":{"rendered":"Veranstaltungen im Herbst"},"content":{"rendered":"<p><a href=\"https:\/\/www.anonymekoeche.net\/?attachment_id=8837\" rel=\"attachment wp-att-8837\"><img loading=\"lazy\" decoding=\"async\" class=\"alignnone size-full wp-image-8837\" src=\"https:\/\/www.anonymekoeche.net\/wp-content\/uploads\/a-mano-events.jpg\" alt=\"\" width=\"600\" height=\"821\" srcset=\"https:\/\/www.anonymekoeche.net\/wp-content\/uploads\/a-mano-events.jpg 600w, https:\/\/www.anonymekoeche.net\/wp-content\/uploads\/a-mano-events-219x300.jpg 219w\" sizes=\"auto, (max-width: 600px) 100vw, 600px\" \/><\/a><\/p>\n<p>Der Herbst ist da, mein neues Pasta-Kochbuch erscheint und das stelle ich an auserw\u00e4hlten Orten vor. Ich freue mich sehr, wenn wir uns da oder dort sehen! Bitte fr\u00fchzeitig reservieren, die Pl\u00e4tze sind limitiert.<\/p>\n<p><strong>15.10. | 19 \u2013 21:30 | <a href=\"http:\/\/koch-kontor.cassel.it\/\" target=\"_blank\" rel=\"noopener noreferrer\">Kochkontor<\/a> | Hamburg<br \/>\n<\/strong>Buchvorstellung, Talk und Degustation | 24 Euro pro Person<br \/>\nAnmeldung: <a href=\"mailto:info@koch-kontor.de\" target=\"_blank\" rel=\"noopener noreferrer\">info@koch-kontor.de<\/a><\/p>\n<p><strong>16. \u2013 18.10. | Meet &amp; Greet | Buchmesse | Frankfurt<\/strong><br \/>\nAm 17.10. darf ich die GAD Silbermedaille f\u00fcr \u00abal forno\u00bb entgegennehmen.<br \/>\nVielleicht sehen wir uns auf der Messe? Ich bin meistens hier anzutreffen:<br \/>\nAT Verlag | artfolio Stand | Halle 3.0 | Stand E66<\/p>\n<p><strong>19.10. | 19 \u2013 21:30| <a href=\"http:\/\/schneefeld-und-hund.de\/neueroeffnung\/\" target=\"_blank\" rel=\"noopener noreferrer\">Fr\u00e4ulein Schneefeld &amp; Herr Hund<\/a> | Berlin<\/strong><br \/>\nLustiger literarisch-kulinarischer Abend mit Degustation<br \/>\nVorverkauf : 17,50 Euro (g\u00fcltig bis 18.10.) | Abendkasse : 22,50 Euro<br \/>\nAnmeldung: 030\/773 25205 | <a href=\"mailto:schneefeld.hund@gmx.de\" target=\"_blank\" rel=\"noopener noreferrer\">schneefeld.hund@gmx.de<\/a><\/p>\n<p><strong>21.10. | 19 \u2013 22 Uhr | <a href=\"https:\/\/www.goldhahnundsampson.de\/shop\/Kochkurse\/A-Mano-Pasta-Kuechenparty-und-Buchvorstellung-Montag-21-Oktober-2019-um-19-Uhr::6275.html?fbclid=IwAR1VjiaAJzTjPxSZli0ACQzDO1oJtBSmCOy5NFmpg7vaIDiMfzhZPPVr8sI\" target=\"_blank\" rel=\"noopener noreferrer\">Goldhahn &amp; Sampson<\/a> | Berlin Charlottenburg<br \/>\n<\/strong>Buchvorstellung, Pastaworkshop, Talk, Degustation | 39 Euro pro Person<br \/>\nTickets: <strong><a href=\"https:\/\/www.goldhahnundsampson.de\/shop\/Kochkurse\/A-Mano-Pasta-Kuechenparty-und-Buchvorstellung-Montag-21-Oktober-2019-um-19-Uhr::6275.html?fbclid=IwAR1VjiaAJzTjPxSZli0ACQzDO1oJtBSmCOy5NFmpg7vaIDiMfzhZPPVr8sI\" target=\"_blank\" rel=\"noopener noreferrer\">Goldhahn &amp; Sampson<\/a> <\/strong><\/p>\n<p><strong>29.10. | 19:30 | <a href=\"https:\/\/www.biderundtanner.ch\/veranstaltungen\/eventDetail\/claudio-del-principe-a-mano-artcEvent?bpmctrl=bpmrownr.1%7Cforeign.100607-1-0-105235%3A63344\" target=\"_blank\" rel=\"noopener noreferrer\">Kulturhaus Bider &amp; Tanner<\/a> | Basel<\/strong><br \/>\nBuchvorstellung, Talk, Signieren | CHF 15.-, mit Kundenkarte CHF 10.-<br \/>\nCHF 5.- k\u00f6nnen am Veranstaltungsabend an Eink\u00e4ufe angerechnet werden<br \/>\nTickets: T +41 (0)61 206 99 96 | <a href=\"mailto:ticket@biderundtanner.ch?subject=Veranstaltung%20Claudio%20Del%20Principe\">ticket@biderundtanner.ch<\/a><\/p>\n<div class=\"page\" title=\"Page 2\">\n<div class=\"section\">\n<div class=\"layoutArea\">\n<div class=\"column\">\n<p><strong>6.11. | 19:00 |\u00a0 <a href=\"https:\/\/www.plantitscherhof.com\/\" target=\"_blank\" rel=\"noopener noreferrer\">Hotel Ansitz Plantitscherhof<\/a> | Meran\u00a0<\/strong><br \/>\n&#8222;Kulinarische Kreativit\u00e4t&#8220; | Buchvorstellung &amp; au\u00dfergewo\u0308hnliches Dinner<br \/>\n5 Gang-Men\u00fc inklusive Aperitivo | 150 Euro pro Person<br \/>\nAnmeldung: <a href=\"mailto:info@plantitscherhof.com\" target=\"_blank\" rel=\"noopener noreferrer\">info@plantitscherhof.com<\/a><\/p>\n<p><strong>15.11. | 19:00 | <a href=\"https:\/\/www.neueraeume.ch\/\" target=\"_blank\" rel=\"noopener noreferrer\">Neue R\u00e4ume<\/a> | Z\u00fcrich<\/strong><br \/>\nDesign-Ausstellung in den alten ABB Hallen<br \/>\nKulinarische Kreationen und Inspiration<br \/>\nMit Kolumnist, Autor und Verleger Christian Seiler<br \/>\nAnmeldung: <a href=\"mailto:news@neueraeume.ch\" target=\"_blank\" rel=\"noopener noreferrer\">news@neueraeume.ch<\/a><\/p>\n<p><strong>18.11. | 19 \u2013 21:30 | <a href=\"https:\/\/www.haupt.ch\/index.php?cur=1&amp;\" target=\"_blank\" rel=\"noopener noreferrer\">Haupt Buchhandlung<\/a> | Bern<\/strong><br \/>\nBuchvorstellung, Talk und Degustation<br \/>\nReservation: <a href=\"https:\/\/www.haupt.ch\/index.php?cl=event_contact&amp;c_subject=Claudio+del+Principe+%C2%ABa+mano%C2%BB+-+E2019-11-18&amp;fbclid=IwAR3w_ch9prrfDzroAWEO6ywVZqJ7XSrtNUTvsosOYMJ9qNN_ogfqt0K5QsI\" target=\"_blank\" rel=\"noopener noreferrer\">Haupt Buchhandlung<\/a><\/p>\n<p><strong>21.11. | 19 \u2013 20:30 | Orell F\u00fcssli Kramhof | Z\u00fcrich<br \/>\n<\/strong>Buchvorstellung, Talk und Degustation<br \/>\nReservation: <a href=\"mailto:kundenservice@orellfuessli.ch\">kundenservice@orellfuessli.ch<\/a><\/p>\n<\/div>\n<\/div>\n<\/div>\n<\/div>\n<!-- AddThis Advanced Settings generic via filter on the_content --><!-- AddThis Share Buttons generic via filter on the_content -->","protected":false},"excerpt":{"rendered":"<p>Der Herbst ist da, mein neues Pasta-Kochbuch erscheint und das stelle ich an auserw\u00e4hlten Orten vor. Ich freue mich sehr, wenn wir uns da oder dort sehen! Bitte fr\u00fchzeitig reservieren, die Pl\u00e4tze sind limitiert. 15.10. | 19 \u2013 21:30 | Kochkontor | Hamburg Buchvorstellung, Talk und Degustation | 24 Euro pro Person Anmeldung: info@koch-kontor.de 16. [&hellip;]<!-- AddThis Advanced Settings generic via filter on wp_trim_excerpt --><!-- AddThis Share Buttons generic via filter on wp_trim_excerpt --><\/p>\n","protected":false},"author":3,"featured_media":0,"comment_status":"open","ping_status":"open","sticky":false,"template":"","format":"standard","meta":{"footnotes":""},"categories":[1],"tags":[1153,996,1155,496,11,1154],"class_list":["post-8836","post","type-post","status-publish","format-standard","hentry","category-allgemein","tag-a-mano","tag-at-verlag","tag-handgemachte-pasta","tag-kochbuch","tag-pasta","tag-pasta-fatta-a-mano"],"_links":{"self":[{"href":"https:\/\/www.anonymekoeche.net\/index.php?rest_route=\/wp\/v2\/posts\/8836","targetHints":{"allow":["GET"]}}],"collection":[{"href":"https:\/\/www.anonymekoeche.net\/index.php?rest_route=\/wp\/v2\/posts"}],"about":[{"href":"https:\/\/www.anonymekoeche.net\/index.php?rest_route=\/wp\/v2\/types\/post"}],"author":[{"embeddable":true,"href":"https:\/\/www.anonymekoeche.net\/index.php?rest_route=\/wp\/v2\/users\/3"}],"replies":[{"embeddable":true,"href":"https:\/\/www.anonymekoeche.net\/index.php?rest_route=%2Fwp%2Fv2%2Fcomments&post=8836"}],"version-history":[{"count":24,"href":"https:\/\/www.anonymekoeche.net\/index.php?rest_route=\/wp\/v2\/posts\/8836\/revisions"}],"predecessor-version":[{"id":8868,"href":"https:\/\/www.anonymekoeche.net\/index.php?rest_route=\/wp\/v2\/posts\/8836\/revisions\/8868"}],"wp:attachment":[{"href":"https:\/\/www.anonymekoeche.net\/index.php?rest_route=%2Fwp%2Fv2%2Fmedia&parent=8836"}],"wp:term":[{"taxonomy":"category","embeddable":true,"href":"https:\/\/www.anonymekoeche.net\/index.php?rest_route=%2Fwp%2Fv2%2Fcategories&post=8836"},{"taxonomy":"post_tag","embeddable":true,"href":"https:\/\/www.anonymekoeche.net\/index.php?rest_route=%2Fwp%2Fv2%2Ftags&post=8836"}],"curies":[{"name":"wp","href":"https:\/\/api.w.org\/{rel}","templated":true}]}}