{"id":8873,"date":"2019-11-24T00:24:33","date_gmt":"2019-11-23T23:24:33","guid":{"rendered":"https:\/\/www.anonymekoeche.net\/?p=8873"},"modified":"2019-12-04T16:23:17","modified_gmt":"2019-12-04T15:23:17","slug":"kurse-fuer-pasta-und-lievito-madre","status":"publish","type":"post","link":"https:\/\/www.anonymekoeche.net\/?p=8873","title":{"rendered":"Kurse f\u00fcr Pasta und Lievito Madre"},"content":{"rendered":"<p><a href=\"https:\/\/www.anonymekoeche.net\/?attachment_id=8880\" rel=\"attachment wp-att-8880\"><img loading=\"lazy\" decoding=\"async\" class=\"alignnone size-full wp-image-8880\" src=\"https:\/\/www.anonymekoeche.net\/wp-content\/uploads\/Portrait-Mehl-werfen-Aden_s.jpg\" alt=\"Claudio Del Principe\" width=\"600\" height=\"836\" srcset=\"https:\/\/www.anonymekoeche.net\/wp-content\/uploads\/Portrait-Mehl-werfen-Aden_s.jpg 600w, https:\/\/www.anonymekoeche.net\/wp-content\/uploads\/Portrait-Mehl-werfen-Aden_s-215x300.jpg 215w\" sizes=\"auto, (max-width: 600px) 100vw, 600px\" \/><\/a><\/p>\n<p>Es gibt frische Termine f\u00fcr Pasta- und Back-Workshops mit mir.<\/p>\n<p>Ich freue mich, n\u00e4chstes Jahr neue Workshops f\u00fcr handgemachte Pasta und backen mit Lievito Madre anbieten zu k\u00f6nnen. Die Kurse in kleinen Gruppen finden wieder wie dieses Jahr im M\u00fchlerama in der wundersch\u00f6nen M\u00fchle Tiefenbrunnen in Z\u00fcrich statt.<\/p>\n<p>Wer dabei sein m\u00f6chte, sollte nicht zu lange z\u00f6gern. Die Pl\u00e4tze sind erfahrungsgem\u00e4ss schnell ausgebucht. W\u00e4re vielleicht auch ein sch\u00f6nes Weihnachtsgeschenk f\u00fcr die eine oder den anderen?<\/p>\n<p><strong>Pasta Workshop<\/strong><br \/>\nSonntag, 16. Februar 2020<br \/>\n10:00 \u2013 14:00 Uhr<br \/>\nCHF 145.00 inkl. Verpflegung und 1 Getr\u00e4nk<br \/>\n<a href=\"https:\/\/www.muehlerama.ch\/veranstaltungen\/detail\/a-mano-verfuehrerische-pasta-von-hand-gemacht-1\" target=\"_blank\" rel=\"noopener noreferrer\">Info &amp; Anmeldung<\/a><\/p>\n<p><strong>Lievito Madre Workshop<\/strong><br \/>\nSamstag, 14. M\u00e4rz 2020<br \/>\n10:00\u201314:00 Uhr<br \/>\nCHF 145.00 inkl. Verpflegung und 1 Getr\u00e4nk<br \/>\n<a href=\"https:\/\/www.muehlerama.ch\/veranstaltungen\/detail\/lievito-madre\" target=\"_blank\" rel=\"noopener noreferrer\">Info &amp; Anmeldung<\/a><\/p>\n<p><strong>Pasta Workshop<\/strong><br \/>\nSonntag, 26. April 2020<br \/>\n10:00\u201314:00 Uhr<br \/>\nCHF 145.00 inkl. Verpflegung und 1 Getr\u00e4nk<br \/>\n<a href=\"https:\/\/www.muehlerama.ch\/veranstaltungen\/detail\/a-mano-verfuehrerische-pasta-von-hand-gemacht-1-1\" target=\"_blank\" rel=\"noopener noreferrer\">Info &amp; Anmeldung<\/a><\/p>\n<p><strong>Pasta Workshop<\/strong><br \/>\nSamstag, 06. Juni 2020<br \/>\n10:00\u201314:00 Uhr<br \/>\nCHF 145.00 inkl. Verpflegung und 1 Getr\u00e4nk<br \/>\n<a href=\"https:\/\/www.muehlerama.ch\/veranstaltungen\/detail\/a-mano-verfuehrerische-pasta-von-hand-gemacht\" target=\"_blank\" rel=\"noopener noreferrer\">Info &amp; Anmeldung<\/a><\/p>\n<!-- AddThis Advanced Settings generic via filter on the_content --><!-- AddThis Share Buttons generic via filter on the_content -->","protected":false},"excerpt":{"rendered":"<p>Es gibt frische Termine f\u00fcr Pasta- und Back-Workshops mit mir. Ich freue mich, n\u00e4chstes Jahr neue Workshops f\u00fcr handgemachte Pasta und backen mit Lievito Madre anbieten zu k\u00f6nnen. Die Kurse in kleinen Gruppen finden wieder wie dieses Jahr im M\u00fchlerama in der wundersch\u00f6nen M\u00fchle Tiefenbrunnen in Z\u00fcrich statt. Wer dabei sein m\u00f6chte, sollte nicht zu [&hellip;]<!-- AddThis Advanced Settings generic via filter on wp_trim_excerpt --><!-- AddThis Share Buttons generic via filter on wp_trim_excerpt --><\/p>\n","protected":false},"author":3,"featured_media":0,"comment_status":"open","ping_status":"open","sticky":false,"template":"","format":"standard","meta":{"footnotes":""},"categories":[1,2],"tags":[1157,900,1159,1158,1160,11,1154,758,1156,788],"class_list":["post-8873","post","type-post","status-publish","format-standard","hentry","category-allgemein","category-gekocht","tag-kurs","tag-lievito-madre","tag-muehle-tiefenbrunnen","tag-muehlerama","tag-nudelschule","tag-pasta","tag-pasta-fatta-a-mano","tag-sauerteig","tag-workshop","tag-zuerich"],"_links":{"self":[{"href":"https:\/\/www.anonymekoeche.net\/index.php?rest_route=\/wp\/v2\/posts\/8873","targetHints":{"allow":["GET"]}}],"collection":[{"href":"https:\/\/www.anonymekoeche.net\/index.php?rest_route=\/wp\/v2\/posts"}],"about":[{"href":"https:\/\/www.anonymekoeche.net\/index.php?rest_route=\/wp\/v2\/types\/post"}],"author":[{"embeddable":true,"href":"https:\/\/www.anonymekoeche.net\/index.php?rest_route=\/wp\/v2\/users\/3"}],"replies":[{"embeddable":true,"href":"https:\/\/www.anonymekoeche.net\/index.php?rest_route=%2Fwp%2Fv2%2Fcomments&post=8873"}],"version-history":[{"count":10,"href":"https:\/\/www.anonymekoeche.net\/index.php?rest_route=\/wp\/v2\/posts\/8873\/revisions"}],"predecessor-version":[{"id":8895,"href":"https:\/\/www.anonymekoeche.net\/index.php?rest_route=\/wp\/v2\/posts\/8873\/revisions\/8895"}],"wp:attachment":[{"href":"https:\/\/www.anonymekoeche.net\/index.php?rest_route=%2Fwp%2Fv2%2Fmedia&parent=8873"}],"wp:term":[{"taxonomy":"category","embeddable":true,"href":"https:\/\/www.anonymekoeche.net\/index.php?rest_route=%2Fwp%2Fv2%2Fcategories&post=8873"},{"taxonomy":"post_tag","embeddable":true,"href":"https:\/\/www.anonymekoeche.net\/index.php?rest_route=%2Fwp%2Fv2%2Ftags&post=8873"}],"curies":[{"name":"wp","href":"https:\/\/api.w.org\/{rel}","templated":true}]}}